{"id":2466,"global_id":"www.obudainyar.hu\/2022?id=2466","global_id_lineage":["www.obudainyar.hu\/2022?id=2466"],"author":"7","status":"publish","date":"2022-06-16 14:00:40","date_utc":"2022-06-16 12:00:40","modified":"2022-08-03 13:28:21","modified_utc":"2022-08-03 11:28:21","url":"https:\/\/www.obudainyar.hu\/2022\/esemeny\/django-swing-koncert\/","rest_url":"https:\/\/www.obudainyar.hu\/2022\/wp-json\/tribe\/events\/v1\/events\/2466","title":"Django Feszt Budapest","description":"<p><span style=\"font-weight: 400;\">Eg\u00e9sz napos nemzetk\u00f6zi zenei fesztiv\u00e1l \u00d3buda sz\u00edv\u00e9ben. Django swing, jazz, balk\u00e1n Budapesten, csak egy napon: Django Feszt Budapest 2022. Augusztus 14, a jazz manouche \u00fcnnepe Budapesten! Angelo Debarre, a jazz manouche git\u00e1rlegenda el\u0151sz\u00f6r Magyarorsz\u00e1gon, egy sz\u00ednpadon Roby Lakatos vil\u00e1gh\u00edr\u0171 heged\u0171m\u0171v\u00e9sszel!\u00a0\u00a0<\/span><\/p>\n<p><span style=\"font-weight: 400;\">A Django Feszt Budapest fell\u00e9p\u0151i: Angelo Debarre ft. Aurore Voilqu\u00e9 Trio, Roby Lakatos, Le\u00f3 Ullmann, Dejan Krsmanovic Balkan Gypsy Jazz Quartet, M\u00e9g egy k\u00f6rt! Gypsy Jazz Band, Emmet Ray Experience, Jazzmanouche.hu Jam Sz\u00ednpad. Jegyek m\u00e1r kaphat\u00f3k a Kobuci weboldal\u00e1n!<\/span><\/p>\n<p><span style=\"font-weight: 400;\">A manouche jazz \u00fcnnepe Budapesten. A Django Feszt m\u00e9lt\u00f3 eml\u00e9ket szeretne \u00e1ll\u00edtani Django Reinhardt git\u00e1ros \u00e9s Stephane Grappelli heged\u0171s zen\u00e9j\u00e9nek. T\u00f6bb \u00e9vnyi kitart\u00f3 zen\u00e9l\u00e9s \u00e9s szervezked\u00e9s vezetett oda, hogy v\u00e9gre megsz\u00fclessen benn\u00fcnk a gondolat, hogy mik\u00e9nt tudn\u00e1nk \u00f6sszefogni a manouche jazz hazai k\u00f6z\u00f6ss\u00e9g\u00e9t: a zen\u00e9szeket, t\u00e1ncosokat, a m\u0171faj rend\u00edthetetlen k\u00f6vet\u0151it \u00e9s j\u00f6vend\u0151beli rajong\u00f3it.<\/span><\/p>\n<p><span style=\"font-weight: 400;\">Nemzetk\u00f6zi fell\u00e9p\u0151g\u00e1rda, francia, n\u00e9met, szerb \u00e9s magyar zen\u00e9szek a Django Feszt Budapesten! Rem\u00e9lj\u00fck, hogy a koncertek, az \u00f6r\u00f6mzene, az interakt\u00edv programok \u00e9s a gy\u00f6ny\u00f6r\u0171 \u00f3budai k\u00f6rnyezet k\u00f6zel hozza az \u00f6sszes r\u00e9sztvev\u0151t egym\u00e1shoz.<\/span><\/p>\n<p><span style=\"font-weight: 400;\">Fell\u00e9p\u0151k:<\/span><\/p>\n<p><b>Django &amp; Stephane Nagysz\u00ednpad<\/b><\/p>\n<p><span style=\"font-weight: 400;\">Angelo Debarre ft. Aurore Voilqu\u00e9 Trio<\/span><\/p>\n<p><span style=\"font-weight: 400;\">Roby Lakatos<\/span><\/p>\n<p><span style=\"font-weight: 400;\">Leo Ullmann<\/span><\/p>\n<p><span style=\"font-weight: 400;\">Dejan Krsmanovic Balkan Gypsy Jazz Quartet<\/span><\/p>\n<p><span style=\"font-weight: 400;\">M\u00e9g egy k\u00f6rt! Gypsy Jazz Band<\/span><\/p>\n<p><span style=\"font-weight: 400;\">Emmet Ray Experience<\/span><\/p>\n<p><b>Jazzmanouche.hu Jam Sz\u00ednpad<\/b><\/p>\n<p><span style=\"font-weight: 400;\">Nyitott jam a jazz manouche szerelmeseinek Ill\u00e9s Ferenccel, az els\u0151 magyar nyelv\u0171 gypsy jazz git\u00e1roz\u00e1ssal foglalkoz\u00f3 honlap, a jazzmanouche.hu megalkot\u00f3j\u00e1val, \u00e9s a Budapest Gipsy Swing zenekar vezet\u0151j\u00e9vel. A jam mindenki sz\u00e1m\u00e1ra nyitott, gyertek \u00e9s ne hagyj\u00e1tok ki a lehet\u0151s\u00e9get hogy nemzetk\u00f6zi \u00e9s hazai Django muzsikusokkal j\u00e1tszatok egy\u00fctt, ott lesznek a Valami Swing \u00e9s a Canarro tagjai is!<\/span><\/p>\n<p><span style=\"font-weight: 400;\">A Django Feszt v\u00e9dn\u00f6ke:<\/span><\/p>\n<p><span style=\"font-weight: 400;\">Roby Lakatos<\/span><\/p>\n<p><span style=\"font-weight: 400;\">Jegyek a Kobuci weboldal\u00e1n kaphat\u00f3k!<\/span><\/p>\n<p><a href=\"https:\/\/djangofeszt.hu\/\" target=\"_blank\" rel=\"noopener\"><span style=\"font-weight: 400;\">www.djangofeszt.hu<\/span><\/a><\/p>\n<p><a href=\"mailto:djangofeszt@gmail.com\" target=\"_blank\" rel=\"noopener\"><span style=\"font-weight: 400;\">djangofeszt@gmail.com<\/span><\/a><\/p>\n<p><b>Jegyek:<\/b> <a href=\"https:\/\/kobuci.hu\/programok\/django_feszt_budapest_angelo_debarreroby_lakatos_aurore_voilque_trio_1120\/\" target=\"_blank\" rel=\"noopener\"><span style=\"font-weight: 400;\">Django Feszt Budapest \/ ANGELO DEBARRE\/ROBY LAKATOS \/ AURORE VOILQU\u00c9 TRIO | KOBUCI kert<\/span><\/a><span style=\"font-weight: 400;\">\u00a0\u00a0\u00a0<\/span><\/p>\n<p><a href=\"https:\/\/kobuci.hu\/programok\/django_feszt_budapest_angelo_debarreroby_lakatos_aurore_voilque_trio_1120\/\" target=\"_blank\" rel=\"noopener\"><span style=\"font-weight: 400;\">https:\/\/kobuci.hu\/programok\/django_feszt_budapest_angelo_debarreroby_lakatos_aurore_voilque_trio_1120\/<\/span><\/a><\/p>\n<p><b>Honlap:<\/b> <a href=\"https:\/\/djangofeszt.hu\/\" target=\"_blank\" rel=\"noopener\"><span style=\"font-weight: 400;\">Kezd\u0151lap &#8211; Django Feszt Budapest 2022<\/span><\/a><span style=\"font-weight: 400;\">\u00a0\u00a0\u00a0<\/span><\/p>\n<p><a href=\"https:\/\/djangofeszt.hu\/\" target=\"_blank\" rel=\"noopener\"><span style=\"font-weight: 400;\">https:\/\/djangofeszt.hu\/<\/span><\/a><\/p>\n<p><b>Facebook esem\u00e9ny:<\/b> <a href=\"https:\/\/www.facebook.com\/events\/1893232634400608?acontext=%7B%22event_action_history%22%3A%5b%7B%22surface%22%3A%22page%22%7D%5d%7D\" target=\"_blank\" rel=\"noopener\"><span style=\"font-weight: 400;\">Django Feszt Budapest\/ANGELO DEBARRE\/ROBY LAKATOS\/AURORE VOILQU\u00c9 TRIO\/Budapest, Hungary, Kobuci kert | Facebook<\/span><\/a><\/p>\n<p><a href=\"https:\/\/www.facebook.com\/events\/1893232634400608\" target=\"_blank\" rel=\"noopener\"><span style=\"font-weight: 400;\">https:\/\/www.facebook.com\/events\/1893232634400608<\/span><\/a><\/p>\n<p><span style=\"font-weight: 400;\">.<\/span><b>Facebook oldal<\/b><span style=\"font-weight: 400;\">: <\/span><a href=\"https:\/\/www.facebook.com\/DjangoFesztBudapest\" target=\"_blank\" rel=\"noopener\"><span style=\"font-weight: 400;\">Django Feszt Budapest | Facebook<\/span><\/a><\/p>\n<p><a href=\"https:\/\/www.facebook.com\/DjangoFesztBudapest\" target=\"_blank\" rel=\"noopener\"><span style=\"font-weight: 400;\">https:\/\/www.facebook.com\/DjangoFesztBudapest<\/span><\/a><\/p>\n<p><b>Instagram oldal<\/b><span style=\"font-weight: 400;\">: <\/span><a href=\"https:\/\/www.instagram.com\/djangofesztbudapest\/\" target=\"_blank\" rel=\"noopener\"><span style=\"font-weight: 400;\">Django Feszt Budapest (@djangofesztbudapest) \u2022 Instagram-f\u00e9nyk\u00e9pek \u00e9s -vide\u00f3k<\/span><\/a><\/p>\n<p><a href=\"https:\/\/www.instagram.com\/djangofesztbudapest\/\" target=\"_blank\" rel=\"noopener\"><span style=\"font-weight: 400;\">https:\/\/www.instagram.com\/djangofesztbudapest\/<\/span><\/a><\/p>\n<p>&nbsp;<\/p>","excerpt":"<p>A jazz manouche \u00fcnnepe Budapesten vil\u00e1gszt\u00e1rokkal!<\/p>","slug":"django-swing-koncert","image":{"url":"https:\/\/www.obudainyar.hu\/2022\/wp-content\/uploads\/2022\/06\/Django_hero_JO-scaled.jpg","id":3206,"extension":"jpg","width":2560,"height":1440,"sizes":{"medium":{"width":300,"height":169,"mime-type":"image\/jpeg","url":"https:\/\/www.obudainyar.hu\/2022\/wp-content\/uploads\/2022\/06\/Django_hero_JO-300x169.jpg"},"large":{"width":1024,"height":576,"mime-type":"image\/jpeg","url":"https:\/\/www.obudainyar.hu\/2022\/wp-content\/uploads\/2022\/06\/Django_hero_JO-1024x576.jpg"},"thumbnail":{"width":150,"height":150,"mime-type":"image\/jpeg","url":"https:\/\/www.obudainyar.hu\/2022\/wp-content\/uploads\/2022\/06\/Django_hero_JO-150x150.jpg"},"medium_large":{"width":768,"height":432,"mime-type":"image\/jpeg","url":"https:\/\/www.obudainyar.hu\/2022\/wp-content\/uploads\/2022\/06\/Django_hero_JO-768x432.jpg"},"1536x1536":{"width":1536,"height":864,"mime-type":"image\/jpeg","url":"https:\/\/www.obudainyar.hu\/2022\/wp-content\/uploads\/2022\/06\/Django_hero_JO-1536x864.jpg"},"2048x2048":{"width":2048,"height":1152,"mime-type":"image\/jpeg","url":"https:\/\/www.obudainyar.hu\/2022\/wp-content\/uploads\/2022\/06\/Django_hero_JO-2048x1152.jpg"}},"original_image":"Django_hero_JO.jpg"},"all_day":false,"start_date":"2022-08-14 15:00:00","start_date_details":{"year":"2022","month":"08","day":"14","hour":"15","minutes":"00","seconds":"00"},"end_date":"2022-08-14 23:30:00","end_date_details":{"year":"2022","month":"08","day":"14","hour":"23","minutes":"30","seconds":"00"},"utc_start_date":"2022-08-14 13:00:00","utc_start_date_details":{"year":"2022","month":"08","day":"14","hour":"13","minutes":"00","seconds":"00"},"utc_end_date":"2022-08-14 21:30:00","utc_end_date_details":{"year":"2022","month":"08","day":"14","hour":"21","minutes":"30","seconds":"00"},"timezone":"Europe\/Budapest","timezone_abbr":"CEST","cost":"","cost_details":{"currency_symbol":"","currency_position":"prefix","values":[]},"website":"","show_map":true,"show_map_link":true,"hide_from_listings":false,"sticky":false,"featured":false,"categories":[{"name":"\u00d3budai ny\u00e1r 2022","slug":"obudai-nyar-2022","term_group":0,"term_taxonomy_id":338,"taxonomy":"tribe_events_cat","description":"","parent":0,"count":152,"filter":"raw","id":338,"urls":{"self":"https:\/\/www.obudainyar.hu\/2022\/wp-json\/tribe\/events\/v1\/categories\/338","collection":"https:\/\/www.obudainyar.hu\/2022\/wp-json\/tribe\/events\/v1\/categories"}}],"tags":[{"name":"Django Swing","slug":"django-swing","term_group":0,"term_taxonomy_id":356,"taxonomy":"post_tag","description":"","parent":0,"count":1,"filter":"raw","id":356,"urls":{"self":"https:\/\/www.obudainyar.hu\/2022\/wp-json\/tribe\/events\/v1\/tags\/356","collection":"https:\/\/www.obudainyar.hu\/2022\/wp-json\/tribe\/events\/v1\/tags"}},{"name":"jazz manouche","slug":"jazz-manouche","term_group":0,"term_taxonomy_id":459,"taxonomy":"post_tag","description":"","parent":0,"count":1,"filter":"raw","id":459,"urls":{"self":"https:\/\/www.obudainyar.hu\/2022\/wp-json\/tribe\/events\/v1\/tags\/459","collection":"https:\/\/www.obudainyar.hu\/2022\/wp-json\/tribe\/events\/v1\/tags"}},{"name":"koncert","slug":"koncert","term_group":0,"term_taxonomy_id":59,"taxonomy":"post_tag","description":"","parent":0,"count":23,"filter":"raw","id":59,"urls":{"self":"https:\/\/www.obudainyar.hu\/2022\/wp-json\/tribe\/events\/v1\/tags\/59","collection":"https:\/\/www.obudainyar.hu\/2022\/wp-json\/tribe\/events\/v1\/tags"}},{"name":"\u00d3budai ny\u00e1r","slug":"obudai-nyar","term_group":0,"term_taxonomy_id":340,"taxonomy":"post_tag","description":"","parent":0,"count":116,"filter":"raw","id":340,"urls":{"self":"https:\/\/www.obudainyar.hu\/2022\/wp-json\/tribe\/events\/v1\/tags\/340","collection":"https:\/\/www.obudainyar.hu\/2022\/wp-json\/tribe\/events\/v1\/tags"}},{"name":"zene","slug":"zene","term_group":0,"term_taxonomy_id":63,"taxonomy":"post_tag","description":"","parent":0,"count":32,"filter":"raw","id":63,"urls":{"self":"https:\/\/www.obudainyar.hu\/2022\/wp-json\/tribe\/events\/v1\/tags\/63","collection":"https:\/\/www.obudainyar.hu\/2022\/wp-json\/tribe\/events\/v1\/tags"}}],"venue":{"id":2014,"author":"7","status":"publish","date":"2022-04-12 14:48:01","date_utc":"2022-04-12 12:48:01","modified":"2022-04-19 08:12:17","modified_utc":"2022-04-19 06:12:17","url":"https:\/\/www.obudainyar.hu\/2022\/helyszin\/kobuci-kert\/","venue":"Kobuci Kert","slug":"kobuci-kert","address":"F\u0151 t\u00e9r 1.","city":"Budapest","country":"Magyarorsz\u00e1g","province":"Pest","zip":"1033","phone":"+36 70 205 7282","website":"https:\/\/kobuci.hu\/","stateprovince":"Pest","geo_lat":47.54071019999999947458491078577935695648193359375,"geo_lng":19.046319100000001611761035746894776821136474609375,"json_ld":{"@type":"Place","name":"Kobuci Kert","description":"","url":"https:\/\/www.obudainyar.hu\/2022\/helyszin\/kobuci-kert\/","address":{"@type":"PostalAddress","streetAddress":"F\u0151 t\u00e9r 1.","addressLocality":"Budapest","addressRegion":"Pest","postalCode":"1033","addressCountry":"Magyarorsz\u00e1g"},"geo":{"@type":"GeoCoordinates","latitude":47.54071019999999947458491078577935695648193359375,"longitude":19.046319100000001611761035746894776821136474609375},"telephone":"+36 70 205 7282","sameAs":"https:\/\/kobuci.hu\/"},"show_map":true,"show_map_link":true,"global_id":"www.obudainyar.hu\/2022?id=2014","global_id_lineage":["www.obudainyar.hu\/2022?id=2014"]},"organizer":[],"json_ld":{"@context":"http:\/\/schema.org","@type":"Event","name":"Django Feszt Budapest","description":"&lt;p&gt;A jazz manouche \u00fcnnepe Budapesten vil\u00e1gszt\u00e1rokkal!&lt;\/p&gt;\\n","image":"https:\/\/www.obudainyar.hu\/2022\/wp-content\/uploads\/2022\/06\/Django_hero_JO-scaled.jpg","url":"https:\/\/www.obudainyar.hu\/2022\/esemeny\/django-swing-koncert\/","startDate":"2022-08-14T15:00:00+02:00","endDate":"2022-08-14T23:30:00+02:00","location":{"@type":"Place","name":"Kobuci Kert","description":"","url":"https:\/\/www.obudainyar.hu\/2022\/helyszin\/kobuci-kert\/","address":{"@type":"PostalAddress","streetAddress":"F\u0151 t\u00e9r 1.","addressLocality":"Budapest","addressRegion":"Pest","postalCode":"1033","addressCountry":"Magyarorsz\u00e1g"},"geo":{"@type":"GeoCoordinates","latitude":47.54071019999999947458491078577935695648193359375,"longitude":19.046319100000001611761035746894776821136474609375},"telephone":"+36 70 205 7282","sameAs":"https:\/\/kobuci.hu\/"},"performer":"Organization"}}