{"id":2614,"global_id":"www.obudainyar.hu\/2022?id=2614","global_id_lineage":["www.obudainyar.hu\/2022?id=2614"],"author":"7","status":"publish","date":"2022-06-17 09:52:08","date_utc":"2022-06-17 07:52:08","modified":"2022-06-17 09:52:08","modified_utc":"2022-06-17 07:52:08","url":"https:\/\/www.obudainyar.hu\/2022\/esemeny\/epuletvezetes\/","rest_url":"https:\/\/www.obudainyar.hu\/2022\/wp-json\/tribe\/events\/v1\/events\/2614","title":"\u00c9p\u00fcletvezet\u00e9s","description":"<p>Kript\u00e1t\u00f3l a toronyszob\u00e1ig. Ki \u00e9p\u00edttette a kiscelli kolostort? Mi k\u00f6ze Mariazellnek Kiscellhez? Na \u00e9s a Zichy csal\u00e1d t\u00f6bb gener\u00e1ci\u00f3j\u00e1hoz? A Kiscelli M\u00fazeumnak otthont ad\u00f3 \u00f3budai \u00e9p\u00fclet a trinit\u00e1rius szerzetesek kolostorak\u00e9nt kezdte, volt katonai rakt\u00e1r \u00e9s hadik\u00f3rh\u00e1z, majd kast\u00e9lly\u00e1 alak\u00edtotta \u00e1t a vagyonos Schmidt Miksa, a szeret\u0151j\u00e9r\u0151l, M\u00e1gn\u00e1s Elz\u00e1rol elh\u00edres\u00fclt b\u00e9csi b\u00fatorgy\u00e1ros. A s\u00e9t\u00e1n megismerkedhetnek az \u00e9p\u00fclet t\u00f6rt\u00e9net\u00e9vel, \u00e9s megtekinthetik a kolostor kript\u00e1j\u00e1t, amely csak vezet\u00e9ssel l\u00e1togathat\u00f3.<\/p>","excerpt":"<p>dr. Per\u00e9nyi Roland t\u00f6rt\u00e9n\u00e9sz<\/p>","slug":"epuletvezetes","image":false,"all_day":false,"start_date":"2022-06-25 15:00:00","start_date_details":{"year":"2022","month":"06","day":"25","hour":"15","minutes":"00","seconds":"00"},"end_date":"2022-06-25 16:00:00","end_date_details":{"year":"2022","month":"06","day":"25","hour":"16","minutes":"00","seconds":"00"},"utc_start_date":"2022-06-25 13:00:00","utc_start_date_details":{"year":"2022","month":"06","day":"25","hour":"13","minutes":"00","seconds":"00"},"utc_end_date":"2022-06-25 14:00:00","utc_end_date_details":{"year":"2022","month":"06","day":"25","hour":"14","minutes":"00","seconds":"00"},"timezone":"Europe\/Budapest","timezone_abbr":"CEST","cost":"","cost_details":{"currency_symbol":"","currency_position":"prefix","values":[]},"website":"","show_map":true,"show_map_link":true,"hide_from_listings":false,"sticky":false,"featured":false,"categories":[{"name":"\u00d3budai ny\u00e1r 2022","slug":"obudai-nyar-2022","term_group":0,"term_taxonomy_id":338,"taxonomy":"tribe_events_cat","description":"","parent":0,"count":152,"filter":"raw","id":338,"urls":{"self":"https:\/\/www.obudainyar.hu\/2022\/wp-json\/tribe\/events\/v1\/categories\/338","collection":"https:\/\/www.obudainyar.hu\/2022\/wp-json\/tribe\/events\/v1\/categories"}}],"tags":[{"name":"\u00e9rdekess\u00e9gek","slug":"erdekessegek","term_group":0,"term_taxonomy_id":28,"taxonomy":"post_tag","description":"","parent":0,"count":53,"filter":"raw","id":28,"urls":{"self":"https:\/\/www.obudainyar.hu\/2022\/wp-json\/tribe\/events\/v1\/tags\/28","collection":"https:\/\/www.obudainyar.hu\/2022\/wp-json\/tribe\/events\/v1\/tags"}},{"name":"l\u00e1tv\u00e1nyoss\u00e1g","slug":"latvanyossag","term_group":0,"term_taxonomy_id":353,"taxonomy":"post_tag","description":"","parent":0,"count":32,"filter":"raw","id":353,"urls":{"self":"https:\/\/www.obudainyar.hu\/2022\/wp-json\/tribe\/events\/v1\/tags\/353","collection":"https:\/\/www.obudainyar.hu\/2022\/wp-json\/tribe\/events\/v1\/tags"}},{"name":"\u00d3budai ny\u00e1r","slug":"obudai-nyar","term_group":0,"term_taxonomy_id":340,"taxonomy":"post_tag","description":"","parent":0,"count":116,"filter":"raw","id":340,"urls":{"self":"https:\/\/www.obudainyar.hu\/2022\/wp-json\/tribe\/events\/v1\/tags\/340","collection":"https:\/\/www.obudainyar.hu\/2022\/wp-json\/tribe\/events\/v1\/tags"}},{"name":"s\u00e9ta","slug":"seta","term_group":0,"term_taxonomy_id":23,"taxonomy":"post_tag","description":"","parent":0,"count":20,"filter":"raw","id":23,"urls":{"self":"https:\/\/www.obudainyar.hu\/2022\/wp-json\/tribe\/events\/v1\/tags\/23","collection":"https:\/\/www.obudainyar.hu\/2022\/wp-json\/tribe\/events\/v1\/tags"}}],"venue":{"id":2613,"author":"7","status":"publish","date":"2022-06-17 09:48:17","date_utc":"2022-06-17 07:48:17","modified":"2022-06-17 09:48:17","modified_utc":"2022-06-17 07:48:17","url":"https:\/\/www.obudainyar.hu\/2022\/helyszin\/kiscelli-muzeum\/","venue":"Kiscelli M\u00fazeum","slug":"kiscelli-muzeum","address":"Kiscelli u. 108.","city":"Budapest","country":"Magyarorsz\u00e1g","province":"Pest","zip":"1037","stateprovince":"Pest","geo_lat":47.538885899999996809128788299858570098876953125,"geo_lng":19.0277777000000014595570974051952362060546875,"json_ld":{"@type":"Place","name":"Kiscelli M\u00fazeum","description":"","url":"https:\/\/www.obudainyar.hu\/2022\/helyszin\/kiscelli-muzeum\/","address":{"@type":"PostalAddress","streetAddress":"Kiscelli u. 108.","addressLocality":"Budapest","addressRegion":"Pest","postalCode":"1037","addressCountry":"Magyarorsz\u00e1g"},"geo":{"@type":"GeoCoordinates","latitude":47.538885899999996809128788299858570098876953125,"longitude":19.0277777000000014595570974051952362060546875},"telephone":"","sameAs":""},"show_map":true,"show_map_link":true,"global_id":"www.obudainyar.hu\/2022?id=2613","global_id_lineage":["www.obudainyar.hu\/2022?id=2613"]},"organizer":[],"json_ld":{"@context":"http:\/\/schema.org","@type":"Event","name":"\u00c9p\u00fcletvezet\u00e9s","description":"&lt;p&gt;dr. Per\u00e9nyi Roland t\u00f6rt\u00e9n\u00e9sz&lt;\/p&gt;\\n","url":"https:\/\/www.obudainyar.hu\/2022\/esemeny\/epuletvezetes\/","startDate":"2022-06-25T15:00:00+02:00","endDate":"2022-06-25T16:00:00+02:00","location":{"@type":"Place","name":"Kiscelli M\u00fazeum","description":"","url":"https:\/\/www.obudainyar.hu\/2022\/helyszin\/kiscelli-muzeum\/","address":{"@type":"PostalAddress","streetAddress":"Kiscelli u. 108.","addressLocality":"Budapest","addressRegion":"Pest","postalCode":"1037","addressCountry":"Magyarorsz\u00e1g"},"geo":{"@type":"GeoCoordinates","latitude":47.538885899999996809128788299858570098876953125,"longitude":19.0277777000000014595570974051952362060546875},"telephone":"","sameAs":""},"performer":"Organization"}}