{"id":2626,"global_id":"www.obudainyar.hu\/2022?id=2626","global_id_lineage":["www.obudainyar.hu\/2022?id=2626"],"author":"7","status":"publish","date":"2022-06-17 10:06:31","date_utc":"2022-06-17 08:06:31","modified":"2022-06-17 10:06:31","modified_utc":"2022-06-17 08:06:31","url":"https:\/\/www.obudainyar.hu\/2022\/esemeny\/felfedezes-2\/","rest_url":"https:\/\/www.obudainyar.hu\/2022\/wp-json\/tribe\/events\/v1\/events\/2626","title":"Felfedez\u00e9s","description":"<p style=\"margin-top: 0cm; line-height: 115%; background: white;\">Elt\u0171nt \u00e9p\u00fcletek nyom\u00e1ban. \u201eEls\u0151, fut\u00f3 pillanatra meg lehet ezen v\u00e1rosr\u00e9szen ismerni, hogy a legfiatalabb \u00e9s hogy m\u00e1r helyzete miatt \u2013 k\u00f6zvetlen\u00fcl a Dun\u00e1hoz simulv\u00e1n kiv\u00e1ltk\u00e9pen hivatva van Pest j\u00f6v\u0151 nagys\u00e1g\u00e1nak s eur\u00f3pai jelent\u0151s\u00e9g\u00e9nek k\u00f6zpontj\u00e1v\u00e1 alakulni, s e hivat\u00e1s\u00e1nak meg kell felelnie, ha b\u00e9k\u00e9ben folyandnak le a napok s a v\u00e1ros lassank\u00e9nti kifejl\u0151d\u00e9se er\u0151szakosan f\u00e9lbe nem szakasztatik.\u201d L\u00e9nyegre tapintott a f\u0151v\u00e1ros els\u0151 magyar nyelv\u0171 kalauz\u00e1nak \u00edr\u00f3ja 1845-ben, mikor \u00edgy nyilatkozott a Lip\u00f3tv\u00e1ros jelen\u00e9r\u0151l \u00e9s j\u00f6v\u0151j\u00e9r\u0151l.<\/p>\n<p style=\"margin-top: 0cm; line-height: 115%; background: white;\">Er\u0151szakos puszt\u00edt\u00e1son t\u00fal azonban a nagyv\u00e1rosi fejl\u0151d\u00e9s is megpecs\u00e9telte sz\u00e1mos f\u0151v\u00e1rosi \u00e9p\u00edt\u00e9szeti alkot\u00e1s sors\u00e1t. Ki\u00e1ll\u00edt\u00e1si s\u00e9t\u00e1nkon ezek nyom\u00e1ba ered\u00fcnk. A fennmaradt eml\u00e9kek seg\u00edts\u00e9g\u00e9vel megpr\u00f3b\u00e1lunk megid\u00e9zni n\u00e9h\u00e1ny, m\u00e1r nem l\u00e1that\u00f3 pesti nevezetess\u00e9get: a Duna-part \u00e9kess\u00e9gei k\u00f6z\u00fcl a Redoute-t \u00e9s a Kereskedelmi Test\u00fclet sz\u00e9kh\u00e1z\u00e1t, az ezekhez k\u00f6zeli Pesti N\u00e9met Sz\u00ednh\u00e1zat, megker\u00fclhetetlen lesz az \u00daj\u00e9p\u00fclet, \u00e1llni fog m\u00e9g a r\u00e9gi k\u00f6zpontban a pesti v\u00e1rosh\u00e1za, figyelmet \u00e9rdemel majd a Pesti Magyar Sz\u00ednh\u00e1z, s elkalandozunk a k\u00fclv\u00e1rosba is a Pesti Els\u0151 Magyar Vas\u00fat ind\u00f3h\u00e1z\u00e1hoz.<\/p>","excerpt":"<p>Moln\u00e1r \u00c1lmos<\/p>","slug":"felfedezes-2","image":false,"all_day":false,"start_date":"2022-06-25 20:00:00","start_date_details":{"year":"2022","month":"06","day":"25","hour":"20","minutes":"00","seconds":"00"},"end_date":"2022-06-25 21:00:00","end_date_details":{"year":"2022","month":"06","day":"25","hour":"21","minutes":"00","seconds":"00"},"utc_start_date":"2022-06-25 18:00:00","utc_start_date_details":{"year":"2022","month":"06","day":"25","hour":"18","minutes":"00","seconds":"00"},"utc_end_date":"2022-06-25 19:00:00","utc_end_date_details":{"year":"2022","month":"06","day":"25","hour":"19","minutes":"00","seconds":"00"},"timezone":"Europe\/Budapest","timezone_abbr":"CEST","cost":"","cost_details":{"currency_symbol":"","currency_position":"prefix","values":[]},"website":"","show_map":true,"show_map_link":true,"hide_from_listings":false,"sticky":false,"featured":false,"categories":[{"name":"\u00d3budai ny\u00e1r 2022","slug":"obudai-nyar-2022","term_group":0,"term_taxonomy_id":338,"taxonomy":"tribe_events_cat","description":"","parent":0,"count":152,"filter":"raw","id":338,"urls":{"self":"https:\/\/www.obudainyar.hu\/2022\/wp-json\/tribe\/events\/v1\/categories\/338","collection":"https:\/\/www.obudainyar.hu\/2022\/wp-json\/tribe\/events\/v1\/categories"}}],"tags":[{"name":"bemutat\u00f3","slug":"bemutato","term_group":0,"term_taxonomy_id":52,"taxonomy":"post_tag","description":"","parent":0,"count":24,"filter":"raw","id":52,"urls":{"self":"https:\/\/www.obudainyar.hu\/2022\/wp-json\/tribe\/events\/v1\/tags\/52","collection":"https:\/\/www.obudainyar.hu\/2022\/wp-json\/tribe\/events\/v1\/tags"}},{"name":"\u00e9rdekess\u00e9gek","slug":"erdekessegek","term_group":0,"term_taxonomy_id":28,"taxonomy":"post_tag","description":"","parent":0,"count":53,"filter":"raw","id":28,"urls":{"self":"https:\/\/www.obudainyar.hu\/2022\/wp-json\/tribe\/events\/v1\/tags\/28","collection":"https:\/\/www.obudainyar.hu\/2022\/wp-json\/tribe\/events\/v1\/tags"}},{"name":"\u00d3budai ny\u00e1r","slug":"obudai-nyar","term_group":0,"term_taxonomy_id":340,"taxonomy":"post_tag","description":"","parent":0,"count":116,"filter":"raw","id":340,"urls":{"self":"https:\/\/www.obudainyar.hu\/2022\/wp-json\/tribe\/events\/v1\/tags\/340","collection":"https:\/\/www.obudainyar.hu\/2022\/wp-json\/tribe\/events\/v1\/tags"}},{"name":"t\u00f6rt\u00e9nelem","slug":"tortenelem","term_group":0,"term_taxonomy_id":20,"taxonomy":"post_tag","description":"","parent":0,"count":29,"filter":"raw","id":20,"urls":{"self":"https:\/\/www.obudainyar.hu\/2022\/wp-json\/tribe\/events\/v1\/tags\/20","collection":"https:\/\/www.obudainyar.hu\/2022\/wp-json\/tribe\/events\/v1\/tags"}}],"venue":{"id":2613,"author":"7","status":"publish","date":"2022-06-17 09:48:17","date_utc":"2022-06-17 07:48:17","modified":"2022-06-17 09:48:17","modified_utc":"2022-06-17 07:48:17","url":"https:\/\/www.obudainyar.hu\/2022\/helyszin\/kiscelli-muzeum\/","venue":"Kiscelli M\u00fazeum","slug":"kiscelli-muzeum","address":"Kiscelli u. 108.","city":"Budapest","country":"Magyarorsz\u00e1g","province":"Pest","zip":"1037","stateprovince":"Pest","geo_lat":47.538885899999996809128788299858570098876953125,"geo_lng":19.0277777000000014595570974051952362060546875,"json_ld":{"@type":"Place","name":"Kiscelli M\u00fazeum","description":"","url":"https:\/\/www.obudainyar.hu\/2022\/helyszin\/kiscelli-muzeum\/","address":{"@type":"PostalAddress","streetAddress":"Kiscelli u. 108.","addressLocality":"Budapest","addressRegion":"Pest","postalCode":"1037","addressCountry":"Magyarorsz\u00e1g"},"geo":{"@type":"GeoCoordinates","latitude":47.538885899999996809128788299858570098876953125,"longitude":19.0277777000000014595570974051952362060546875},"telephone":"","sameAs":""},"show_map":true,"show_map_link":true,"global_id":"www.obudainyar.hu\/2022?id=2613","global_id_lineage":["www.obudainyar.hu\/2022?id=2613"]},"organizer":[],"json_ld":{"@context":"http:\/\/schema.org","@type":"Event","name":"Felfedez\u00e9s","description":"&lt;p&gt;Moln\u00e1r \u00c1lmos&lt;\/p&gt;\\n","url":"https:\/\/www.obudainyar.hu\/2022\/esemeny\/felfedezes-2\/","startDate":"2022-06-25T20:00:00+02:00","endDate":"2022-06-25T21:00:00+02:00","location":{"@type":"Place","name":"Kiscelli M\u00fazeum","description":"","url":"https:\/\/www.obudainyar.hu\/2022\/helyszin\/kiscelli-muzeum\/","address":{"@type":"PostalAddress","streetAddress":"Kiscelli u. 108.","addressLocality":"Budapest","addressRegion":"Pest","postalCode":"1037","addressCountry":"Magyarorsz\u00e1g"},"geo":{"@type":"GeoCoordinates","latitude":47.538885899999996809128788299858570098876953125,"longitude":19.0277777000000014595570974051952362060546875},"telephone":"","sameAs":""},"performer":"Organization"}}