{"id":2980,"date":"2022-06-22T11:47:38","date_gmt":"2022-06-22T09:47:38","guid":{"rendered":"https:\/\/www.obudainyar.hu\/2022\/?p=2980"},"modified":"2022-06-23T08:31:58","modified_gmt":"2022-06-23T06:31:58","slug":"felejthetetlen-elmenyek-egesz-nyarra-az-obudai-danubia-zenekar-nyitohangversenyevel-indul-az-obudai-nyar-2022","status":"publish","type":"post","link":"https:\/\/www.obudainyar.hu\/2022\/felejthetetlen-elmenyek-egesz-nyarra-az-obudai-danubia-zenekar-nyitohangversenyevel-indul-az-obudai-nyar-2022\/","title":{"rendered":"Az \u00d3budai Danubia Zenekar nyit\u00f3hangverseny\u00e9vel indul az \u00d3budai Ny\u00e1r 2022"},"content":{"rendered":"<p>\u00d3buda F\u0151 ter\u00e9n p\u00e9nteken 18 \u00f3r\u00e1t\u00f3l k\u00fcl\u00f6nleges zenei \u00e9lm\u00e9nyben lesz r\u00e9sze az \u00d3budai Ny\u00e1r 2022 nyit\u00f3esem\u00e9ny\u00e9re l\u00e1togat\u00f3knak. Az \u00d3budai Danubia Zenekar csod\u00e1latos \u00e9lm\u00e9nyt k\u00edn\u00e1l\u00f3 &#8222;Magyar zene?&#8221; Cig\u00e1ny zene?&#8221; c\u00edm\u0171 koncertj\u00e9re azoknak is \u00e9rdemes ell\u00e1togatniuk, akiknek nem kedvenc\u00fck ez a m\u0171faj, hiszen zenei kult\u00far\u00e1nk egyik meghat\u00e1roz\u00f3 st\u00edlusa a magyar n\u00f3ta.<\/p>\n<p>Ahogyan a zenekar ismertet\u0151j\u00e9ben \u00e1ll: <em>&#8222;Van az emberekben egy kis leszegett fejes sz\u00e9gyenkez\u00e9s, ha a magyar n\u00f3ta kifejez\u00e9st hallj\u00e1k. Mi\u00f3ta Bart\u00f3k tiszt\u00e1zta a k\u00fcl\u00f6nbs\u00e9get parasztzene \u00e9s v\u00e1rosi (cig\u00e1ny)zene k\u00f6zt, mintha le is tudn\u00e1nk annyival: n\u00e9pdal j\u00f3, n\u00f3ta rossz. Pedig micsoda kincs ez! \u00c9vsz\u00e1zadok \u00f6r\u00f6kl\u0151d\u0151 tud\u00e1sa, legend\u00e1s pr\u00edm\u00e1s gener\u00e1ci\u00f3k \u2013 van mire b\u00fcszk\u00e9nek lenn\u00fcnk. \u00c9s ez a m\u0171faj most \u00e9pp\u00fagy a kihal\u00e1s sz\u00e9l\u00e9n billeg, mint Bart\u00f3k\u00e9k idej\u00e9ben a parasztzene, a n\u00e9pdal. K\u00e1r lenne veszni hagyni. Ezen a koncerten egy\u00fctt vigadunk \u00e9s s\u00edrunk, f\u00f3kuszban k\u00f6z\u00f6s \u00f6r\u00f6ks\u00e9g\u00fcnk: a magyar n\u00f3ta.&#8221;<\/em><\/p>\n<div class=\"mb-5\">\n<p class=\"mb-3 font-weight-bold text-primary\"><strong>A nyit\u00f3koncert m\u0171sora:<\/strong><\/p>\n<div class=\"row\">\n<div class=\"col mb-3\">\n<p class=\"mb-0\"><span class=\"font-weight-bold\">Kod\u00e1ly <\/span><br \/>\nGal\u00e1ntai t\u00e1ncok<\/p>\n<\/div>\n<\/div>\n<div class=\"row\">\n<div class=\"col mb-3\">\n<p class=\"mb-0\"><span class=\"font-weight-bold\">Brahms <\/span><br \/>\n4. magyar t\u00e1nc<\/p>\n<\/div>\n<\/div>\n<div class=\"row\">\n<div class=\"col mb-3\">\n<p class=\"mb-0\"><span class=\"font-weight-bold\">Brahms <\/span><br \/>\n6. magyar t\u00e1nc<\/p>\n<\/div>\n<\/div>\n<div class=\"row\">\n<div class=\"col mb-3\">\n<p class=\"mb-0\"><span class=\"font-weight-bold\">Brahms <\/span><br \/>\n1. magyar t\u00e1nc<\/p>\n<\/div>\n<\/div>\n<div class=\"row\">\n<div class=\"col mb-3\">\n<p class=\"mb-0\"><span class=\"font-weight-bold\">Ott Rezs\u0151 <\/span><br \/>\nKivil\u00e1gos virradatig &#8211; szimfonikus magyarn\u00f3ta csokor<\/p>\n<p><strong>K\u00f6zrem\u0171k\u00f6dnek:<\/strong><\/p>\n<p>K\u00f6zrem\u0171k\u00f6dik: <strong>Id. S\u00e1rk\u00f6zy Lajos<\/strong> (heged\u0171) \u00e9s zenekara: <strong>S\u00e1rk\u00f6zy Rudolf <\/strong>(b\u0151g\u0151), <strong>Cs\u00edk Gyula<\/strong> (cimbalom), <strong>Peresztegi Attila<\/strong> \u2013 tenor<\/p>\n<p>Vez\u00e9nyel: <strong>H\u00e1mori M\u00e1t\u00e9<\/strong><\/p>\n<p>Ne hagyj\u00e1k ki a fantasztikus koncertet, tartsanak vel\u00fcnk p\u00e9ntek d\u00e9lut\u00e1n \u00e9s az \u00d3budai Ny\u00e1r 2022 tov\u00e1bbi esem\u00e9nyein is.<\/p>\n<\/div>\n<p><em>C\u00edmlapfot\u00f3: Poszt\u00f3s J\u00e1nos<\/em><\/p>\n<\/div>\n<\/div>\n","protected":false},"excerpt":{"rendered":"<p>Az \u00d3budai Ny\u00e1r 2022 rendezv\u00e9nysorozat j\u00fanius 24-\u00e9n, p\u00e9nteken 18 \u00f3r\u00e1t\u00f3l veszi kezdet\u00e9t, nem ak\u00e1rmilyen zenei csemeg\u00e9vel: k\u00f6z\u00f6s kult\u00far\u00e1nk megker\u00fclhetetlen darabjaival: a magyar a n\u00f3t\u00e1val \u00e9s a cig\u00e1nyzen\u00e9vel. S mindezt az \u00d3budai Danubia Zenekar fantasztikus el\u0151ad\u00e1s\u00e1ban. <\/p>\n","protected":false},"author":4,"featured_media":2983,"comment_status":"open","ping_status":"open","sticky":false,"template":"","format":"standard","meta":[],"categories":[1],"tags":[424,429,422,426,423,342,398,425,428,427],"yoast_head":"<!-- This site is optimized with the Yoast SEO plugin v17.5 - https:\/\/yoast.com\/wordpress\/plugins\/seo\/ -->\n<title>Az \u00d3budai Danubia Zenekar nyit\u00f3hangverseny\u00e9vel indul az \u00d3budai Ny\u00e1r 2022 - \u00d3budai Ny\u00e1r 2022 | obuda.hu<\/title>\n<meta name=\"robots\" content=\"index, follow, max-snippet:-1, max-image-preview:large, max-video-preview:-1\" \/>\n<link rel=\"canonical\" href=\"https:\/\/www.obudainyar.hu\/2022\/felejthetetlen-elmenyek-egesz-nyarra-az-obudai-danubia-zenekar-nyitohangversenyevel-indul-az-obudai-nyar-2022\/\" \/>\n<meta property=\"og:locale\" content=\"hu_HU\" \/>\n<meta property=\"og:type\" content=\"article\" \/>\n<meta property=\"og:title\" content=\"Az \u00d3budai Danubia Zenekar nyit\u00f3hangverseny\u00e9vel indul az \u00d3budai Ny\u00e1r 2022 - \u00d3budai Ny\u00e1r 2022 | obuda.hu\" \/>\n<meta property=\"og:description\" content=\"Az \u00d3budai Ny\u00e1r 2022 rendezv\u00e9nysorozat j\u00fanius 24-\u00e9n, p\u00e9nteken 18 \u00f3r\u00e1t\u00f3l veszi kezdet\u00e9t, nem ak\u00e1rmilyen zenei csemeg\u00e9vel: k\u00f6z\u00f6s kult\u00far\u00e1nk megker\u00fclhetetlen darabjaival: a magyar a n\u00f3t\u00e1val \u00e9s a cig\u00e1nyzen\u00e9vel. S mindezt az \u00d3budai Danubia Zenekar fantasztikus el\u0151ad\u00e1s\u00e1ban.\" \/>\n<meta property=\"og:url\" content=\"https:\/\/www.obudainyar.hu\/2022\/felejthetetlen-elmenyek-egesz-nyarra-az-obudai-danubia-zenekar-nyitohangversenyevel-indul-az-obudai-nyar-2022\/\" \/>\n<meta property=\"og:site_name\" content=\"\u00d3budai Ny\u00e1r 2022 | obuda.hu\" \/>\n<meta property=\"article:published_time\" content=\"2022-06-22T09:47:38+00:00\" \/>\n<meta property=\"article:modified_time\" content=\"2022-06-23T06:31:58+00:00\" \/>\n<meta property=\"og:image\" content=\"https:\/\/www.obudainyar.hu\/2022\/wp-content\/uploads\/2022\/06\/odz_tarsulati-foto_2020-tavasz_foto_posztos-janos-1.jpg\" \/>\n\t<meta property=\"og:image:width\" content=\"2500\" \/>\n\t<meta property=\"og:image:height\" content=\"1732\" \/>\n<meta name=\"twitter:card\" content=\"summary_large_image\" \/>\n<meta name=\"twitter:label1\" content=\"Szerz\u0151:\" \/>\n\t<meta name=\"twitter:data1\" content=\"kontrohrandrea\" \/>\n\t<meta name=\"twitter:label2\" content=\"Becs\u00fclt olvas\u00e1si id\u0151\" \/>\n\t<meta name=\"twitter:data2\" content=\"2 perc\" \/>\n<script type=\"application\/ld+json\" class=\"yoast-schema-graph\">{\"@context\":\"https:\/\/schema.org\",\"@graph\":[{\"@type\":\"WebSite\",\"@id\":\"https:\/\/www.obudainyar.hu\/2022\/#website\",\"url\":\"https:\/\/www.obudainyar.hu\/2022\/\",\"name\":\"\\u00d3budai Ny\\u00e1r 2022 | obuda.hu\",\"description\":\"\",\"potentialAction\":[{\"@type\":\"SearchAction\",\"target\":{\"@type\":\"EntryPoint\",\"urlTemplate\":\"https:\/\/www.obudainyar.hu\/2022\/?s={search_term_string}\"},\"query-input\":\"required name=search_term_string\"}],\"inLanguage\":\"hu\"},{\"@type\":\"ImageObject\",\"@id\":\"https:\/\/www.obudainyar.hu\/2022\/felejthetetlen-elmenyek-egesz-nyarra-az-obudai-danubia-zenekar-nyitohangversenyevel-indul-az-obudai-nyar-2022\/#primaryimage\",\"inLanguage\":\"hu\",\"url\":\"https:\/\/www.obudainyar.hu\/2022\/wp-content\/uploads\/2022\/06\/odz_tarsulati-foto_2020-tavasz_foto_posztos-janos-1.jpg\",\"contentUrl\":\"https:\/\/www.obudainyar.hu\/2022\/wp-content\/uploads\/2022\/06\/odz_tarsulati-foto_2020-tavasz_foto_posztos-janos-1.jpg\",\"width\":2500,\"height\":1732},{\"@type\":\"WebPage\",\"@id\":\"https:\/\/www.obudainyar.hu\/2022\/felejthetetlen-elmenyek-egesz-nyarra-az-obudai-danubia-zenekar-nyitohangversenyevel-indul-az-obudai-nyar-2022\/#webpage\",\"url\":\"https:\/\/www.obudainyar.hu\/2022\/felejthetetlen-elmenyek-egesz-nyarra-az-obudai-danubia-zenekar-nyitohangversenyevel-indul-az-obudai-nyar-2022\/\",\"name\":\"Az \\u00d3budai Danubia Zenekar nyit\\u00f3hangverseny\\u00e9vel indul az \\u00d3budai Ny\\u00e1r 2022 - \\u00d3budai Ny\\u00e1r 2022 | obuda.hu\",\"isPartOf\":{\"@id\":\"https:\/\/www.obudainyar.hu\/2022\/#website\"},\"primaryImageOfPage\":{\"@id\":\"https:\/\/www.obudainyar.hu\/2022\/felejthetetlen-elmenyek-egesz-nyarra-az-obudai-danubia-zenekar-nyitohangversenyevel-indul-az-obudai-nyar-2022\/#primaryimage\"},\"datePublished\":\"2022-06-22T09:47:38+00:00\",\"dateModified\":\"2022-06-23T06:31:58+00:00\",\"author\":{\"@id\":\"https:\/\/www.obudainyar.hu\/2022\/#\/schema\/person\/326f839b262a757711803054eb7f82ed\"},\"breadcrumb\":{\"@id\":\"https:\/\/www.obudainyar.hu\/2022\/felejthetetlen-elmenyek-egesz-nyarra-az-obudai-danubia-zenekar-nyitohangversenyevel-indul-az-obudai-nyar-2022\/#breadcrumb\"},\"inLanguage\":\"hu\",\"potentialAction\":[{\"@type\":\"ReadAction\",\"target\":[\"https:\/\/www.obudainyar.hu\/2022\/felejthetetlen-elmenyek-egesz-nyarra-az-obudai-danubia-zenekar-nyitohangversenyevel-indul-az-obudai-nyar-2022\/\"]}]},{\"@type\":\"BreadcrumbList\",\"@id\":\"https:\/\/www.obudainyar.hu\/2022\/felejthetetlen-elmenyek-egesz-nyarra-az-obudai-danubia-zenekar-nyitohangversenyevel-indul-az-obudai-nyar-2022\/#breadcrumb\",\"itemListElement\":[{\"@type\":\"ListItem\",\"position\":1,\"name\":\"Kezd\\u0151lap\",\"item\":\"https:\/\/www.obudainyar.hu\/2022\/\"},{\"@type\":\"ListItem\",\"position\":2,\"name\":\"Az \\u00d3budai Danubia Zenekar nyit\\u00f3hangverseny\\u00e9vel indul az \\u00d3budai Ny\\u00e1r 2022\"}]},{\"@type\":\"Person\",\"@id\":\"https:\/\/www.obudainyar.hu\/2022\/#\/schema\/person\/326f839b262a757711803054eb7f82ed\",\"name\":\"kontrohrandrea\",\"image\":{\"@type\":\"ImageObject\",\"@id\":\"https:\/\/www.obudainyar.hu\/2022\/#personlogo\",\"inLanguage\":\"hu\",\"url\":\"https:\/\/secure.gravatar.com\/avatar\/5180e03a1bd56251a0e983cd1f8e454b?s=96&d=mm&r=g\",\"contentUrl\":\"https:\/\/secure.gravatar.com\/avatar\/5180e03a1bd56251a0e983cd1f8e454b?s=96&d=mm&r=g\",\"caption\":\"kontrohrandrea\"},\"url\":\"https:\/\/www.obudainyar.hu\/2022\/author\/kontrohrandrea\/\"}]}<\/script>\n<!-- \/ Yoast SEO plugin. -->","yoast_head_json":{"title":"Az \u00d3budai Danubia Zenekar nyit\u00f3hangverseny\u00e9vel indul az \u00d3budai Ny\u00e1r 2022 - \u00d3budai Ny\u00e1r 2022 | obuda.hu","robots":{"index":"index","follow":"follow","max-snippet":"max-snippet:-1","max-image-preview":"max-image-preview:large","max-video-preview":"max-video-preview:-1"},"canonical":"https:\/\/www.obudainyar.hu\/2022\/felejthetetlen-elmenyek-egesz-nyarra-az-obudai-danubia-zenekar-nyitohangversenyevel-indul-az-obudai-nyar-2022\/","og_locale":"hu_HU","og_type":"article","og_title":"Az \u00d3budai Danubia Zenekar nyit\u00f3hangverseny\u00e9vel indul az \u00d3budai Ny\u00e1r 2022 - \u00d3budai Ny\u00e1r 2022 | obuda.hu","og_description":"Az \u00d3budai Ny\u00e1r 2022 rendezv\u00e9nysorozat j\u00fanius 24-\u00e9n, p\u00e9nteken 18 \u00f3r\u00e1t\u00f3l veszi kezdet\u00e9t, nem ak\u00e1rmilyen zenei csemeg\u00e9vel: k\u00f6z\u00f6s kult\u00far\u00e1nk megker\u00fclhetetlen darabjaival: a magyar a n\u00f3t\u00e1val \u00e9s a cig\u00e1nyzen\u00e9vel. S mindezt az \u00d3budai Danubia Zenekar fantasztikus el\u0151ad\u00e1s\u00e1ban.","og_url":"https:\/\/www.obudainyar.hu\/2022\/felejthetetlen-elmenyek-egesz-nyarra-az-obudai-danubia-zenekar-nyitohangversenyevel-indul-az-obudai-nyar-2022\/","og_site_name":"\u00d3budai Ny\u00e1r 2022 | obuda.hu","article_published_time":"2022-06-22T09:47:38+00:00","article_modified_time":"2022-06-23T06:31:58+00:00","og_image":[{"width":2500,"height":1732,"url":"https:\/\/www.obudainyar.hu\/2022\/wp-content\/uploads\/2022\/06\/odz_tarsulati-foto_2020-tavasz_foto_posztos-janos-1.jpg","type":"image\/jpeg"}],"twitter_card":"summary_large_image","twitter_misc":{"Szerz\u0151:":"kontrohrandrea","Becs\u00fclt olvas\u00e1si id\u0151":"2 perc"},"schema":{"@context":"https:\/\/schema.org","@graph":[{"@type":"WebSite","@id":"https:\/\/www.obudainyar.hu\/2022\/#website","url":"https:\/\/www.obudainyar.hu\/2022\/","name":"\u00d3budai Ny\u00e1r 2022 | obuda.hu","description":"","potentialAction":[{"@type":"SearchAction","target":{"@type":"EntryPoint","urlTemplate":"https:\/\/www.obudainyar.hu\/2022\/?s={search_term_string}"},"query-input":"required name=search_term_string"}],"inLanguage":"hu"},{"@type":"ImageObject","@id":"https:\/\/www.obudainyar.hu\/2022\/felejthetetlen-elmenyek-egesz-nyarra-az-obudai-danubia-zenekar-nyitohangversenyevel-indul-az-obudai-nyar-2022\/#primaryimage","inLanguage":"hu","url":"https:\/\/www.obudainyar.hu\/2022\/wp-content\/uploads\/2022\/06\/odz_tarsulati-foto_2020-tavasz_foto_posztos-janos-1.jpg","contentUrl":"https:\/\/www.obudainyar.hu\/2022\/wp-content\/uploads\/2022\/06\/odz_tarsulati-foto_2020-tavasz_foto_posztos-janos-1.jpg","width":2500,"height":1732},{"@type":"WebPage","@id":"https:\/\/www.obudainyar.hu\/2022\/felejthetetlen-elmenyek-egesz-nyarra-az-obudai-danubia-zenekar-nyitohangversenyevel-indul-az-obudai-nyar-2022\/#webpage","url":"https:\/\/www.obudainyar.hu\/2022\/felejthetetlen-elmenyek-egesz-nyarra-az-obudai-danubia-zenekar-nyitohangversenyevel-indul-az-obudai-nyar-2022\/","name":"Az \u00d3budai Danubia Zenekar nyit\u00f3hangverseny\u00e9vel indul az \u00d3budai Ny\u00e1r 2022 - \u00d3budai Ny\u00e1r 2022 | obuda.hu","isPartOf":{"@id":"https:\/\/www.obudainyar.hu\/2022\/#website"},"primaryImageOfPage":{"@id":"https:\/\/www.obudainyar.hu\/2022\/felejthetetlen-elmenyek-egesz-nyarra-az-obudai-danubia-zenekar-nyitohangversenyevel-indul-az-obudai-nyar-2022\/#primaryimage"},"datePublished":"2022-06-22T09:47:38+00:00","dateModified":"2022-06-23T06:31:58+00:00","author":{"@id":"https:\/\/www.obudainyar.hu\/2022\/#\/schema\/person\/326f839b262a757711803054eb7f82ed"},"breadcrumb":{"@id":"https:\/\/www.obudainyar.hu\/2022\/felejthetetlen-elmenyek-egesz-nyarra-az-obudai-danubia-zenekar-nyitohangversenyevel-indul-az-obudai-nyar-2022\/#breadcrumb"},"inLanguage":"hu","potentialAction":[{"@type":"ReadAction","target":["https:\/\/www.obudainyar.hu\/2022\/felejthetetlen-elmenyek-egesz-nyarra-az-obudai-danubia-zenekar-nyitohangversenyevel-indul-az-obudai-nyar-2022\/"]}]},{"@type":"BreadcrumbList","@id":"https:\/\/www.obudainyar.hu\/2022\/felejthetetlen-elmenyek-egesz-nyarra-az-obudai-danubia-zenekar-nyitohangversenyevel-indul-az-obudai-nyar-2022\/#breadcrumb","itemListElement":[{"@type":"ListItem","position":1,"name":"Kezd\u0151lap","item":"https:\/\/www.obudainyar.hu\/2022\/"},{"@type":"ListItem","position":2,"name":"Az \u00d3budai Danubia Zenekar nyit\u00f3hangverseny\u00e9vel indul az \u00d3budai Ny\u00e1r 2022"}]},{"@type":"Person","@id":"https:\/\/www.obudainyar.hu\/2022\/#\/schema\/person\/326f839b262a757711803054eb7f82ed","name":"kontrohrandrea","image":{"@type":"ImageObject","@id":"https:\/\/www.obudainyar.hu\/2022\/#personlogo","inLanguage":"hu","url":"https:\/\/secure.gravatar.com\/avatar\/5180e03a1bd56251a0e983cd1f8e454b?s=96&d=mm&r=g","contentUrl":"https:\/\/secure.gravatar.com\/avatar\/5180e03a1bd56251a0e983cd1f8e454b?s=96&d=mm&r=g","caption":"kontrohrandrea"},"url":"https:\/\/www.obudainyar.hu\/2022\/author\/kontrohrandrea\/"}]}},"_links":{"self":[{"href":"https:\/\/www.obudainyar.hu\/2022\/wp-json\/wp\/v2\/posts\/2980"}],"collection":[{"href":"https:\/\/www.obudainyar.hu\/2022\/wp-json\/wp\/v2\/posts"}],"about":[{"href":"https:\/\/www.obudainyar.hu\/2022\/wp-json\/wp\/v2\/types\/post"}],"author":[{"embeddable":true,"href":"https:\/\/www.obudainyar.hu\/2022\/wp-json\/wp\/v2\/users\/4"}],"replies":[{"embeddable":true,"href":"https:\/\/www.obudainyar.hu\/2022\/wp-json\/wp\/v2\/comments?post=2980"}],"version-history":[{"count":9,"href":"https:\/\/www.obudainyar.hu\/2022\/wp-json\/wp\/v2\/posts\/2980\/revisions"}],"predecessor-version":[{"id":3020,"href":"https:\/\/www.obudainyar.hu\/2022\/wp-json\/wp\/v2\/posts\/2980\/revisions\/3020"}],"wp:featuredmedia":[{"embeddable":true,"href":"https:\/\/www.obudainyar.hu\/2022\/wp-json\/wp\/v2\/media\/2983"}],"wp:attachment":[{"href":"https:\/\/www.obudainyar.hu\/2022\/wp-json\/wp\/v2\/media?parent=2980"}],"wp:term":[{"taxonomy":"category","embeddable":true,"href":"https:\/\/www.obudainyar.hu\/2022\/wp-json\/wp\/v2\/categories?post=2980"},{"taxonomy":"post_tag","embeddable":true,"href":"https:\/\/www.obudainyar.hu\/2022\/wp-json\/wp\/v2\/tags?post=2980"}],"curies":[{"name":"wp","href":"https:\/\/api.w.org\/{rel}","templated":true}]}}