{"id":3045,"date":"2022-06-28T16:41:40","date_gmt":"2022-06-28T14:41:40","guid":{"rendered":"https:\/\/www.obudainyar.hu\/2022\/?p=3045"},"modified":"2022-06-28T16:41:40","modified_gmt":"2022-06-28T14:41:40","slug":"romai-parti-plazs-iden-is-szabad-a-strand","status":"publish","type":"post","link":"https:\/\/www.obudainyar.hu\/2022\/romai-parti-plazs-iden-is-szabad-a-strand\/","title":{"rendered":"R\u00f3mai-parti Pl\u00e1zs &#8211; Id\u00e9n is szabad a strand!"},"content":{"rendered":"<p>Id\u00e9n j\u00falius 15. \u00e9s augusztus 21. k\u00f6z\u00f6tt tart nyitva a R\u00f3mai-parti Pl\u00e1zs, ez alatt az id\u0151 alatt j\u00f3 id\u0151 \u00e9s megfelel\u0151 v\u00edzmin\u0151s\u00e9g eset\u00e9n mindennap v\u00e1rjuk a strandolni v\u00e1gy\u00f3kat a parton.<\/p>\n<p>Hogy mi\u00e9rt \u00e9rdemes kil\u00e1togatni a R\u00f3mai-parti Pl\u00e1zsra? A hamis\u00edtatlan r\u00f3mai-parti hangulat\u00e9rt mindenk\u00e9ppen. A term\u00e9szetes k\u00f6rnyezet, a tiszta \u00e9s gondozott partszakasz, a ki\u00e9p\u00edtett infrastrukt\u00fara k\u00e9nyelmes \u00e9s egyed\u00fcl\u00e1ll\u00f3 kikapcsol\u00f3d\u00e1st tesz lehet\u0151v\u00e9 a vend\u00e9geknek, akiknek ingyenes iv\u00f3vizet, mosd\u00f3-, pelenk\u00e1z\u00f3- \u00e9s zuhanyz\u00f3haszn\u00e1latot biztos\u00edtunk.<\/p>\n<p>Sz\u00ednes nap\u00e1gyak \u00e9s ingyenes ker\u00e9kp\u00e1rt\u00e1rol\u00e1si lehet\u0151s\u00e9g is v\u00e1rja a strandol\u00f3kat, emellett folyamatos v\u00edzmin\u0151s\u00e9g-ellen\u0151rz\u00e9s \u00e9s v\u00edziment\u0151-szolg\u00e1lat gondoskodik a biztons\u00e1gukr\u00f3l.<\/p>\n<p>Id\u00e9n el\u0151sz\u00f6r a Magyar V\u00f6r\u00f6skereszt Duna-parti Els\u0151seg\u00e9lyny\u00fajt\u00f3 Szolg\u00e1lata is seg\u00edti a biztons\u00e1gos kikapcsol\u00f3d\u00e1st.<\/p>\n<p>F\u00fcrdeni ebben a szezonban is csak a b\u00f3j\u00e1kkal kijel\u00f6lt ter\u00fclet\u0171, f\u00fcrd\u0151z\u00e9sre alkalmas partszakaszon van lehet\u0151s\u00e9g nyitvatart\u00e1si id\u0151ben, a szigor\u00fa el\u0151\u00edr\u00e1sokat betartva,\u00a0 a 120 cm-es v\u00edzm\u00e9lys\u00e9get jelz\u0151 b\u00f3jasoron bel\u00fcl.<\/p>\n<p>A R\u00f3mai-parti Pl\u00e1zs gondoz\u00e1s\u00e1r\u00f3l f\u00f6veny\u0151r gondoskodik, emellett a ter\u00fcleten \u00e9jszakai \u0151rz\u00e9s is biztos\u00edtott.<\/p>\n<p>A nyit\u00e1st id\u00e9n is a partszakasz felm\u00e9r\u00e9se, szigor\u00fa hat\u00f3s\u00e1gi \u00e9s v\u00edzmin\u0151s\u00e9gi vizsg\u00e1latok, valamint szakhat\u00f3s\u00e1gi enged\u00e9lyeztet\u00e9s el\u0151zte meg. A meder tiszt\u00edt\u00e1sa a nyit\u00e1st megel\u0151z\u0151en megt\u00f6rt\u00e9nt, az \u00e1tvizsg\u00e1l\u00e1s pedig folyamatos.<\/p>\n<p>J\u00f3 strandol\u00e1st, kellemes pihen\u00e9st \u00e9s tartalmas Duna-parti nyarat k\u00edv\u00e1nunk! V\u00e1rjuk \u00d6n\u00f6ket szeretettel a R\u00f3mai-parti Pl\u00e1zson!<\/p>\n<p>&nbsp;<\/p>\n<p>&nbsp;<\/p>\n","protected":false},"excerpt":{"rendered":"<p>A harmadik ker\u00fclet egyik legcs\u00e1b\u00edt\u00f3bb ny\u00e1ri attrakci\u00f3ja id\u00e9n is R\u00f3mai-parti Pl\u00e1zs, amely lehet\u0151v\u00e9 teszi a budapestieknek \u00e9s a k\u00f6rny\u00e9ken \u00e9l\u0151knek, hogy szabadon strandoljanak a f\u0151v\u00e1rosi Duna-parton. Ebben az \u00e9vben is szeretettel v\u00e1rja a vend\u00e9geket \u00d3buda-B\u00e9k\u00e1smegyer \u00d6nkorm\u00e1nyzat \u00e9s a Pl\u00e1zs, ahol szervezett k\u00f6r\u00fclm\u00e9nyek k\u00f6z\u00f6tt, folyamatos v\u00edzmin\u0151s\u00e9g-ellen\u0151rz\u00e9s mellett ingyen f\u00fcrd\u0151z\u00e9sre van lehet\u0151s\u00e9g.<\/p>\n","protected":false},"author":4,"featured_media":3052,"comment_status":"open","ping_status":"open","sticky":false,"template":"","format":"standard","meta":[],"categories":[1],"tags":[8,437,436,434,339,435],"yoast_head":"<!-- This site is optimized with the Yoast SEO plugin v17.5 - https:\/\/yoast.com\/wordpress\/plugins\/seo\/ -->\n<title>R\u00f3mai-parti Pl\u00e1zs - Id\u00e9n is szabad a strand! - \u00d3budai Ny\u00e1r 2022 | obuda.hu<\/title>\n<meta name=\"robots\" content=\"index, follow, max-snippet:-1, max-image-preview:large, max-video-preview:-1\" \/>\n<link rel=\"canonical\" href=\"https:\/\/www.obudainyar.hu\/2022\/romai-parti-plazs-iden-is-szabad-a-strand\/\" \/>\n<meta property=\"og:locale\" content=\"hu_HU\" \/>\n<meta property=\"og:type\" content=\"article\" \/>\n<meta property=\"og:title\" content=\"R\u00f3mai-parti Pl\u00e1zs - Id\u00e9n is szabad a strand! - \u00d3budai Ny\u00e1r 2022 | obuda.hu\" \/>\n<meta property=\"og:description\" content=\"A harmadik ker\u00fclet egyik legcs\u00e1b\u00edt\u00f3bb ny\u00e1ri attrakci\u00f3ja id\u00e9n is R\u00f3mai-parti Pl\u00e1zs, amely lehet\u0151v\u00e9 teszi a budapestieknek \u00e9s a k\u00f6rny\u00e9ken \u00e9l\u0151knek, hogy szabadon strandoljanak a f\u0151v\u00e1rosi Duna-parton. Ebben az \u00e9vben is szeretettel v\u00e1rja a vend\u00e9geket \u00d3buda-B\u00e9k\u00e1smegyer \u00d6nkorm\u00e1nyzat \u00e9s a Pl\u00e1zs, ahol szervezett k\u00f6r\u00fclm\u00e9nyek k\u00f6z\u00f6tt, folyamatos v\u00edzmin\u0151s\u00e9g-ellen\u0151rz\u00e9s mellett ingyen f\u00fcrd\u0151z\u00e9sre van lehet\u0151s\u00e9g.\" \/>\n<meta property=\"og:url\" content=\"https:\/\/www.obudainyar.hu\/2022\/romai-parti-plazs-iden-is-szabad-a-strand\/\" \/>\n<meta property=\"og:site_name\" content=\"\u00d3budai Ny\u00e1r 2022 | obuda.hu\" \/>\n<meta property=\"article:published_time\" content=\"2022-06-28T14:41:40+00:00\" \/>\n<meta property=\"og:image\" content=\"https:\/\/www.obudainyar.hu\/2022\/wp-content\/uploads\/2022\/06\/220617_plazs_hero-scaled.jpg\" \/>\n\t<meta property=\"og:image:width\" content=\"2560\" \/>\n\t<meta property=\"og:image:height\" content=\"1440\" \/>\n<meta name=\"twitter:card\" content=\"summary_large_image\" \/>\n<meta name=\"twitter:label1\" content=\"Szerz\u0151:\" \/>\n\t<meta name=\"twitter:data1\" content=\"kontrohrandrea\" \/>\n\t<meta name=\"twitter:label2\" content=\"Becs\u00fclt olvas\u00e1si id\u0151\" \/>\n\t<meta name=\"twitter:data2\" content=\"2 perc\" \/>\n<script type=\"application\/ld+json\" class=\"yoast-schema-graph\">{\"@context\":\"https:\/\/schema.org\",\"@graph\":[{\"@type\":\"WebSite\",\"@id\":\"https:\/\/www.obudainyar.hu\/2022\/#website\",\"url\":\"https:\/\/www.obudainyar.hu\/2022\/\",\"name\":\"\\u00d3budai Ny\\u00e1r 2022 | obuda.hu\",\"description\":\"\",\"potentialAction\":[{\"@type\":\"SearchAction\",\"target\":{\"@type\":\"EntryPoint\",\"urlTemplate\":\"https:\/\/www.obudainyar.hu\/2022\/?s={search_term_string}\"},\"query-input\":\"required name=search_term_string\"}],\"inLanguage\":\"hu\"},{\"@type\":\"ImageObject\",\"@id\":\"https:\/\/www.obudainyar.hu\/2022\/romai-parti-plazs-iden-is-szabad-a-strand\/#primaryimage\",\"inLanguage\":\"hu\",\"url\":\"https:\/\/www.obudainyar.hu\/2022\/wp-content\/uploads\/2022\/06\/220617_plazs_hero-scaled.jpg\",\"contentUrl\":\"https:\/\/www.obudainyar.hu\/2022\/wp-content\/uploads\/2022\/06\/220617_plazs_hero-scaled.jpg\",\"width\":2560,\"height\":1440},{\"@type\":\"WebPage\",\"@id\":\"https:\/\/www.obudainyar.hu\/2022\/romai-parti-plazs-iden-is-szabad-a-strand\/#webpage\",\"url\":\"https:\/\/www.obudainyar.hu\/2022\/romai-parti-plazs-iden-is-szabad-a-strand\/\",\"name\":\"R\\u00f3mai-parti Pl\\u00e1zs - Id\\u00e9n is szabad a strand! - \\u00d3budai Ny\\u00e1r 2022 | obuda.hu\",\"isPartOf\":{\"@id\":\"https:\/\/www.obudainyar.hu\/2022\/#website\"},\"primaryImageOfPage\":{\"@id\":\"https:\/\/www.obudainyar.hu\/2022\/romai-parti-plazs-iden-is-szabad-a-strand\/#primaryimage\"},\"datePublished\":\"2022-06-28T14:41:40+00:00\",\"dateModified\":\"2022-06-28T14:41:40+00:00\",\"author\":{\"@id\":\"https:\/\/www.obudainyar.hu\/2022\/#\/schema\/person\/326f839b262a757711803054eb7f82ed\"},\"breadcrumb\":{\"@id\":\"https:\/\/www.obudainyar.hu\/2022\/romai-parti-plazs-iden-is-szabad-a-strand\/#breadcrumb\"},\"inLanguage\":\"hu\",\"potentialAction\":[{\"@type\":\"ReadAction\",\"target\":[\"https:\/\/www.obudainyar.hu\/2022\/romai-parti-plazs-iden-is-szabad-a-strand\/\"]}]},{\"@type\":\"BreadcrumbList\",\"@id\":\"https:\/\/www.obudainyar.hu\/2022\/romai-parti-plazs-iden-is-szabad-a-strand\/#breadcrumb\",\"itemListElement\":[{\"@type\":\"ListItem\",\"position\":1,\"name\":\"Kezd\\u0151lap\",\"item\":\"https:\/\/www.obudainyar.hu\/2022\/\"},{\"@type\":\"ListItem\",\"position\":2,\"name\":\"R\\u00f3mai-parti Pl\\u00e1zs &#8211; Id\\u00e9n is szabad a strand!\"}]},{\"@type\":\"Person\",\"@id\":\"https:\/\/www.obudainyar.hu\/2022\/#\/schema\/person\/326f839b262a757711803054eb7f82ed\",\"name\":\"kontrohrandrea\",\"image\":{\"@type\":\"ImageObject\",\"@id\":\"https:\/\/www.obudainyar.hu\/2022\/#personlogo\",\"inLanguage\":\"hu\",\"url\":\"https:\/\/secure.gravatar.com\/avatar\/5180e03a1bd56251a0e983cd1f8e454b?s=96&d=mm&r=g\",\"contentUrl\":\"https:\/\/secure.gravatar.com\/avatar\/5180e03a1bd56251a0e983cd1f8e454b?s=96&d=mm&r=g\",\"caption\":\"kontrohrandrea\"},\"url\":\"https:\/\/www.obudainyar.hu\/2022\/author\/kontrohrandrea\/\"}]}<\/script>\n<!-- \/ Yoast SEO plugin. -->","yoast_head_json":{"title":"R\u00f3mai-parti Pl\u00e1zs - Id\u00e9n is szabad a strand! - \u00d3budai Ny\u00e1r 2022 | obuda.hu","robots":{"index":"index","follow":"follow","max-snippet":"max-snippet:-1","max-image-preview":"max-image-preview:large","max-video-preview":"max-video-preview:-1"},"canonical":"https:\/\/www.obudainyar.hu\/2022\/romai-parti-plazs-iden-is-szabad-a-strand\/","og_locale":"hu_HU","og_type":"article","og_title":"R\u00f3mai-parti Pl\u00e1zs - Id\u00e9n is szabad a strand! - \u00d3budai Ny\u00e1r 2022 | obuda.hu","og_description":"A harmadik ker\u00fclet egyik legcs\u00e1b\u00edt\u00f3bb ny\u00e1ri attrakci\u00f3ja id\u00e9n is R\u00f3mai-parti Pl\u00e1zs, amely lehet\u0151v\u00e9 teszi a budapestieknek \u00e9s a k\u00f6rny\u00e9ken \u00e9l\u0151knek, hogy szabadon strandoljanak a f\u0151v\u00e1rosi Duna-parton. Ebben az \u00e9vben is szeretettel v\u00e1rja a vend\u00e9geket \u00d3buda-B\u00e9k\u00e1smegyer \u00d6nkorm\u00e1nyzat \u00e9s a Pl\u00e1zs, ahol szervezett k\u00f6r\u00fclm\u00e9nyek k\u00f6z\u00f6tt, folyamatos v\u00edzmin\u0151s\u00e9g-ellen\u0151rz\u00e9s mellett ingyen f\u00fcrd\u0151z\u00e9sre van lehet\u0151s\u00e9g.","og_url":"https:\/\/www.obudainyar.hu\/2022\/romai-parti-plazs-iden-is-szabad-a-strand\/","og_site_name":"\u00d3budai Ny\u00e1r 2022 | obuda.hu","article_published_time":"2022-06-28T14:41:40+00:00","og_image":[{"width":2560,"height":1440,"url":"https:\/\/www.obudainyar.hu\/2022\/wp-content\/uploads\/2022\/06\/220617_plazs_hero-scaled.jpg","type":"image\/jpeg"}],"twitter_card":"summary_large_image","twitter_misc":{"Szerz\u0151:":"kontrohrandrea","Becs\u00fclt olvas\u00e1si id\u0151":"2 perc"},"schema":{"@context":"https:\/\/schema.org","@graph":[{"@type":"WebSite","@id":"https:\/\/www.obudainyar.hu\/2022\/#website","url":"https:\/\/www.obudainyar.hu\/2022\/","name":"\u00d3budai Ny\u00e1r 2022 | obuda.hu","description":"","potentialAction":[{"@type":"SearchAction","target":{"@type":"EntryPoint","urlTemplate":"https:\/\/www.obudainyar.hu\/2022\/?s={search_term_string}"},"query-input":"required name=search_term_string"}],"inLanguage":"hu"},{"@type":"ImageObject","@id":"https:\/\/www.obudainyar.hu\/2022\/romai-parti-plazs-iden-is-szabad-a-strand\/#primaryimage","inLanguage":"hu","url":"https:\/\/www.obudainyar.hu\/2022\/wp-content\/uploads\/2022\/06\/220617_plazs_hero-scaled.jpg","contentUrl":"https:\/\/www.obudainyar.hu\/2022\/wp-content\/uploads\/2022\/06\/220617_plazs_hero-scaled.jpg","width":2560,"height":1440},{"@type":"WebPage","@id":"https:\/\/www.obudainyar.hu\/2022\/romai-parti-plazs-iden-is-szabad-a-strand\/#webpage","url":"https:\/\/www.obudainyar.hu\/2022\/romai-parti-plazs-iden-is-szabad-a-strand\/","name":"R\u00f3mai-parti Pl\u00e1zs - Id\u00e9n is szabad a strand! - \u00d3budai Ny\u00e1r 2022 | obuda.hu","isPartOf":{"@id":"https:\/\/www.obudainyar.hu\/2022\/#website"},"primaryImageOfPage":{"@id":"https:\/\/www.obudainyar.hu\/2022\/romai-parti-plazs-iden-is-szabad-a-strand\/#primaryimage"},"datePublished":"2022-06-28T14:41:40+00:00","dateModified":"2022-06-28T14:41:40+00:00","author":{"@id":"https:\/\/www.obudainyar.hu\/2022\/#\/schema\/person\/326f839b262a757711803054eb7f82ed"},"breadcrumb":{"@id":"https:\/\/www.obudainyar.hu\/2022\/romai-parti-plazs-iden-is-szabad-a-strand\/#breadcrumb"},"inLanguage":"hu","potentialAction":[{"@type":"ReadAction","target":["https:\/\/www.obudainyar.hu\/2022\/romai-parti-plazs-iden-is-szabad-a-strand\/"]}]},{"@type":"BreadcrumbList","@id":"https:\/\/www.obudainyar.hu\/2022\/romai-parti-plazs-iden-is-szabad-a-strand\/#breadcrumb","itemListElement":[{"@type":"ListItem","position":1,"name":"Kezd\u0151lap","item":"https:\/\/www.obudainyar.hu\/2022\/"},{"@type":"ListItem","position":2,"name":"R\u00f3mai-parti Pl\u00e1zs &#8211; Id\u00e9n is szabad a strand!"}]},{"@type":"Person","@id":"https:\/\/www.obudainyar.hu\/2022\/#\/schema\/person\/326f839b262a757711803054eb7f82ed","name":"kontrohrandrea","image":{"@type":"ImageObject","@id":"https:\/\/www.obudainyar.hu\/2022\/#personlogo","inLanguage":"hu","url":"https:\/\/secure.gravatar.com\/avatar\/5180e03a1bd56251a0e983cd1f8e454b?s=96&d=mm&r=g","contentUrl":"https:\/\/secure.gravatar.com\/avatar\/5180e03a1bd56251a0e983cd1f8e454b?s=96&d=mm&r=g","caption":"kontrohrandrea"},"url":"https:\/\/www.obudainyar.hu\/2022\/author\/kontrohrandrea\/"}]}},"_links":{"self":[{"href":"https:\/\/www.obudainyar.hu\/2022\/wp-json\/wp\/v2\/posts\/3045"}],"collection":[{"href":"https:\/\/www.obudainyar.hu\/2022\/wp-json\/wp\/v2\/posts"}],"about":[{"href":"https:\/\/www.obudainyar.hu\/2022\/wp-json\/wp\/v2\/types\/post"}],"author":[{"embeddable":true,"href":"https:\/\/www.obudainyar.hu\/2022\/wp-json\/wp\/v2\/users\/4"}],"replies":[{"embeddable":true,"href":"https:\/\/www.obudainyar.hu\/2022\/wp-json\/wp\/v2\/comments?post=3045"}],"version-history":[{"count":5,"href":"https:\/\/www.obudainyar.hu\/2022\/wp-json\/wp\/v2\/posts\/3045\/revisions"}],"predecessor-version":[{"id":3059,"href":"https:\/\/www.obudainyar.hu\/2022\/wp-json\/wp\/v2\/posts\/3045\/revisions\/3059"}],"wp:featuredmedia":[{"embeddable":true,"href":"https:\/\/www.obudainyar.hu\/2022\/wp-json\/wp\/v2\/media\/3052"}],"wp:attachment":[{"href":"https:\/\/www.obudainyar.hu\/2022\/wp-json\/wp\/v2\/media?parent=3045"}],"wp:term":[{"taxonomy":"category","embeddable":true,"href":"https:\/\/www.obudainyar.hu\/2022\/wp-json\/wp\/v2\/categories?post=3045"},{"taxonomy":"post_tag","embeddable":true,"href":"https:\/\/www.obudainyar.hu\/2022\/wp-json\/wp\/v2\/tags?post=3045"}],"curies":[{"name":"wp","href":"https:\/\/api.w.org\/{rel}","templated":true}]}}