{"id":3084,"date":"2022-07-05T08:52:30","date_gmt":"2022-07-05T06:52:30","guid":{"rendered":"https:\/\/www.obudainyar.hu\/2022\/?p=3084"},"modified":"2022-07-05T08:52:30","modified_gmt":"2022-07-05T06:52:30","slug":"piknik-mozi-koncertek-szinhaz-ezen-a-heten-is-remek-programokkal-varjuk-onoket","status":"publish","type":"post","link":"https:\/\/www.obudainyar.hu\/2022\/piknik-mozi-koncertek-szinhaz-ezen-a-heten-is-remek-programokkal-varjuk-onoket\/","title":{"rendered":"Piknik mozi, koncertek, sz\u00ednh\u00e1z &#8211; Ezen a h\u00e9ten is remek programokkal v\u00e1rjuk \u00d6n\u00f6ket!"},"content":{"rendered":"<p>Egy munk\u00e1val t\u00f6lt\u00f6tt nap ut\u00e1n szuper kikapcsol\u00f3d\u00e1s a csillagos \u00e9g alatt mozizni. Ha \u00d6n\u00f6k is \u00fagy gondolj\u00e1k, hogy ez \u00edgy van, akkor <strong>j\u00falius 7-\u00e9n, cs\u00fct\u00f6rt\u00f6k\u00f6n tal\u00e1lkozzunk a Holdudvar parkban a Piknik mozi k\u00f6vetkez\u0151 el\u0151ad\u00e1s\u00e1n<\/strong>. A v\u00e1sznon a nagy siker\u0171 <strong><a href=\"https:\/\/www.obudainyar.hu\/2022\/esemeny\/piknik-mozi-kincsem\/\">Kincsem<\/a><\/strong> c\u00edm\u0171 film forog, az el\u0151ad\u00e1s kezdete 20.30 \u00f3ra.<\/p>\n<p>A p\u00e9ntek este nem telhet el koncert n\u00e9lk\u00fcl. Mi most kett\u0151t is aj\u00e1nlunk \u00d6n\u00f6knek <strong>j\u00falius 8-\u00e1ra<\/strong>: 17.00 \u00f3r\u00e1t\u00f3l a rock \u00e9s blues szerelmesei ne hagyj\u00e1k ki a\u00a0 <a href=\"https:\/\/www.obudainyar.hu\/2022\/esemeny\/kitti-live-koncert\/\"><strong>Kitti Live<\/strong>\u00a0 <\/a>bulij\u00e1t.\u00a0 <strong>Este 19.00 \u00f3r\u00e1t\u00f3l pedig <a href=\"https:\/\/www.obudainyar.hu\/2022\/esemeny\/horvath-tamas\/\">Horv\u00e1th Tam\u00e1s<\/a> a Szt\u00e1rban Szt\u00e1r nyertese v\u00e1rja \u00d6n\u00f6ket fergeteges koncertj\u00e9vel<\/strong>.<\/p>\n<p>A szombat d\u00e9lel\u0151tt a csal\u00e1dokr\u00f3l sz\u00f3l a F\u0151 t\u00e9ren. A Sz\u00e9p Ern\u0151 Sz\u00ednh\u00e1z el\u0151ad\u00e1s\u00e1ban <strong>a <a href=\"https:\/\/www.obudainyar.hu\/2022\/esemeny\/csizmas-kandur\/\">Csizm\u00e1s kand\u00far<\/a> c\u00edm\u0171 zen\u00e9s mesej\u00e1t\u00e9kot 10.00 \u00f3r\u00e1t\u00f3l tekinthetik<\/strong> meg, <strong>11.00 \u00f3r\u00e1t\u00f3l pedig a <a href=\"https:\/\/www.obudainyar.hu\/2022\/esemeny\/loca-egyuttes-koncert\/\">L\u00f3ca egy\u00fcttes<\/a> koncertj\u00e9vel<\/strong> v\u00e1rjuk a csal\u00e1dokat. A laza anyuk\u00e1k pedig a d\u00e9lel\u0151tt folyam\u00e1n 10.00 \u00e9s 12.00 \u00f3ra k\u00f6z\u00f6tt szem\u00e9lyesen is tal\u00e1lkozhatnak <strong>a k\u00f6zkedvelt <a href=\"https:\/\/www.obudainyar.hu\/2022\/esemeny\/anyakivan-kozonsegtalalkozo\/\">Anyakivan vlog<\/a> szerz\u0151j\u00e9vel, N\u00f3rival!<\/strong><\/p>\n<p>&nbsp;<\/p>\n<p>&nbsp;<\/p>\n<p>&nbsp;<\/p>\n<p>&nbsp;<\/p>\n<p><img decoding=\"async\" loading=\"lazy\" class=\"alignnone wp-image-3117 size-large\" src=\"https:\/\/www.obudainyar.hu\/2022\/wp-content\/uploads\/2022\/07\/o\u0301budai-nya\u0301r_hero_programok-1024x576.jpg\" alt=\"\" width=\"800\" height=\"450\" srcset=\"https:\/\/www.obudainyar.hu\/2022\/wp-content\/uploads\/2022\/07\/o\u0301budai-nya\u0301r_hero_programok-1024x576.jpg 1024w, https:\/\/www.obudainyar.hu\/2022\/wp-content\/uploads\/2022\/07\/o\u0301budai-nya\u0301r_hero_programok-300x169.jpg 300w, https:\/\/www.obudainyar.hu\/2022\/wp-content\/uploads\/2022\/07\/o\u0301budai-nya\u0301r_hero_programok-768x432.jpg 768w, https:\/\/www.obudainyar.hu\/2022\/wp-content\/uploads\/2022\/07\/o\u0301budai-nya\u0301r_hero_programok-1536x864.jpg 1536w, https:\/\/www.obudainyar.hu\/2022\/wp-content\/uploads\/2022\/07\/o\u0301budai-nya\u0301r_hero_programok-2048x1152.jpg 2048w\" sizes=\"(max-width: 800px) 100vw, 800px\" \/><\/p>\n","protected":false},"excerpt":{"rendered":"<p>J\u00falius m\u00e1sodik het\u00e9ben is remek aj\u00e1nlatokkal v\u00e1rja \u00d6n\u00f6ket az \u00d3budai Ny\u00e1r! Koncert, kult\u00fara, mozi, gyermekel\u0151ad\u00e1sok. V\u00e1logassanak ingyenes programjaink k\u00f6z\u00fcl, tartsanak vel\u00fcnk.<\/p>\n","protected":false},"author":4,"featured_media":3117,"comment_status":"open","ping_status":"open","sticky":false,"template":"","format":"standard","meta":[],"categories":[1],"tags":[351,448,348,438,398,447],"yoast_head":"<!-- This site is optimized with the Yoast SEO plugin v17.5 - https:\/\/yoast.com\/wordpress\/plugins\/seo\/ -->\n<title>Piknik mozi, koncertek, sz\u00ednh\u00e1z - Ezen a h\u00e9ten is remek programokkal v\u00e1rjuk \u00d6n\u00f6ket! - \u00d3budai Ny\u00e1r 2022 | obuda.hu<\/title>\n<meta name=\"robots\" content=\"index, follow, max-snippet:-1, max-image-preview:large, max-video-preview:-1\" \/>\n<link rel=\"canonical\" href=\"https:\/\/www.obudainyar.hu\/2022\/piknik-mozi-koncertek-szinhaz-ezen-a-heten-is-remek-programokkal-varjuk-onoket\/\" \/>\n<meta property=\"og:locale\" content=\"hu_HU\" \/>\n<meta property=\"og:type\" content=\"article\" \/>\n<meta property=\"og:title\" content=\"Piknik mozi, koncertek, sz\u00ednh\u00e1z - Ezen a h\u00e9ten is remek programokkal v\u00e1rjuk \u00d6n\u00f6ket! - \u00d3budai Ny\u00e1r 2022 | obuda.hu\" \/>\n<meta property=\"og:description\" content=\"J\u00falius m\u00e1sodik het\u00e9ben is remek aj\u00e1nlatokkal v\u00e1rja \u00d6n\u00f6ket az \u00d3budai Ny\u00e1r! Koncert, kult\u00fara, mozi, gyermekel\u0151ad\u00e1sok. V\u00e1logassanak ingyenes programjaink k\u00f6z\u00fcl, tartsanak vel\u00fcnk.\" \/>\n<meta property=\"og:url\" content=\"https:\/\/www.obudainyar.hu\/2022\/piknik-mozi-koncertek-szinhaz-ezen-a-heten-is-remek-programokkal-varjuk-onoket\/\" \/>\n<meta property=\"og:site_name\" content=\"\u00d3budai Ny\u00e1r 2022 | obuda.hu\" \/>\n<meta property=\"article:published_time\" content=\"2022-07-05T06:52:30+00:00\" \/>\n<meta property=\"og:image\" content=\"https:\/\/www.obudainyar.hu\/2022\/wp-content\/uploads\/2022\/07\/o\u0301budai-nya\u0301r_hero_programok-scaled.jpg\" \/>\n\t<meta property=\"og:image:width\" content=\"2560\" \/>\n\t<meta property=\"og:image:height\" content=\"1440\" \/>\n<meta name=\"twitter:card\" content=\"summary_large_image\" \/>\n<meta name=\"twitter:label1\" content=\"Szerz\u0151:\" \/>\n\t<meta name=\"twitter:data1\" content=\"kontrohrandrea\" \/>\n\t<meta name=\"twitter:label2\" content=\"Becs\u00fclt olvas\u00e1si id\u0151\" \/>\n\t<meta name=\"twitter:data2\" content=\"1 perc\" \/>\n<script type=\"application\/ld+json\" class=\"yoast-schema-graph\">{\"@context\":\"https:\/\/schema.org\",\"@graph\":[{\"@type\":\"WebSite\",\"@id\":\"https:\/\/www.obudainyar.hu\/2022\/#website\",\"url\":\"https:\/\/www.obudainyar.hu\/2022\/\",\"name\":\"\\u00d3budai Ny\\u00e1r 2022 | obuda.hu\",\"description\":\"\",\"potentialAction\":[{\"@type\":\"SearchAction\",\"target\":{\"@type\":\"EntryPoint\",\"urlTemplate\":\"https:\/\/www.obudainyar.hu\/2022\/?s={search_term_string}\"},\"query-input\":\"required name=search_term_string\"}],\"inLanguage\":\"hu\"},{\"@type\":\"ImageObject\",\"@id\":\"https:\/\/www.obudainyar.hu\/2022\/piknik-mozi-koncertek-szinhaz-ezen-a-heten-is-remek-programokkal-varjuk-onoket\/#primaryimage\",\"inLanguage\":\"hu\",\"url\":\"https:\/\/www.obudainyar.hu\/2022\/wp-content\/uploads\/2022\/07\/o\\u0301budai-nya\\u0301r_hero_programok-scaled.jpg\",\"contentUrl\":\"https:\/\/www.obudainyar.hu\/2022\/wp-content\/uploads\/2022\/07\/o\\u0301budai-nya\\u0301r_hero_programok-scaled.jpg\",\"width\":2560,\"height\":1440},{\"@type\":\"WebPage\",\"@id\":\"https:\/\/www.obudainyar.hu\/2022\/piknik-mozi-koncertek-szinhaz-ezen-a-heten-is-remek-programokkal-varjuk-onoket\/#webpage\",\"url\":\"https:\/\/www.obudainyar.hu\/2022\/piknik-mozi-koncertek-szinhaz-ezen-a-heten-is-remek-programokkal-varjuk-onoket\/\",\"name\":\"Piknik mozi, koncertek, sz\\u00ednh\\u00e1z - Ezen a h\\u00e9ten is remek programokkal v\\u00e1rjuk \\u00d6n\\u00f6ket! - \\u00d3budai Ny\\u00e1r 2022 | obuda.hu\",\"isPartOf\":{\"@id\":\"https:\/\/www.obudainyar.hu\/2022\/#website\"},\"primaryImageOfPage\":{\"@id\":\"https:\/\/www.obudainyar.hu\/2022\/piknik-mozi-koncertek-szinhaz-ezen-a-heten-is-remek-programokkal-varjuk-onoket\/#primaryimage\"},\"datePublished\":\"2022-07-05T06:52:30+00:00\",\"dateModified\":\"2022-07-05T06:52:30+00:00\",\"author\":{\"@id\":\"https:\/\/www.obudainyar.hu\/2022\/#\/schema\/person\/326f839b262a757711803054eb7f82ed\"},\"breadcrumb\":{\"@id\":\"https:\/\/www.obudainyar.hu\/2022\/piknik-mozi-koncertek-szinhaz-ezen-a-heten-is-remek-programokkal-varjuk-onoket\/#breadcrumb\"},\"inLanguage\":\"hu\",\"potentialAction\":[{\"@type\":\"ReadAction\",\"target\":[\"https:\/\/www.obudainyar.hu\/2022\/piknik-mozi-koncertek-szinhaz-ezen-a-heten-is-remek-programokkal-varjuk-onoket\/\"]}]},{\"@type\":\"BreadcrumbList\",\"@id\":\"https:\/\/www.obudainyar.hu\/2022\/piknik-mozi-koncertek-szinhaz-ezen-a-heten-is-remek-programokkal-varjuk-onoket\/#breadcrumb\",\"itemListElement\":[{\"@type\":\"ListItem\",\"position\":1,\"name\":\"Kezd\\u0151lap\",\"item\":\"https:\/\/www.obudainyar.hu\/2022\/\"},{\"@type\":\"ListItem\",\"position\":2,\"name\":\"Piknik mozi, koncertek, sz\\u00ednh\\u00e1z &#8211; Ezen a h\\u00e9ten is remek programokkal v\\u00e1rjuk \\u00d6n\\u00f6ket!\"}]},{\"@type\":\"Person\",\"@id\":\"https:\/\/www.obudainyar.hu\/2022\/#\/schema\/person\/326f839b262a757711803054eb7f82ed\",\"name\":\"kontrohrandrea\",\"image\":{\"@type\":\"ImageObject\",\"@id\":\"https:\/\/www.obudainyar.hu\/2022\/#personlogo\",\"inLanguage\":\"hu\",\"url\":\"https:\/\/secure.gravatar.com\/avatar\/5180e03a1bd56251a0e983cd1f8e454b?s=96&d=mm&r=g\",\"contentUrl\":\"https:\/\/secure.gravatar.com\/avatar\/5180e03a1bd56251a0e983cd1f8e454b?s=96&d=mm&r=g\",\"caption\":\"kontrohrandrea\"},\"url\":\"https:\/\/www.obudainyar.hu\/2022\/author\/kontrohrandrea\/\"}]}<\/script>\n<!-- \/ Yoast SEO plugin. -->","yoast_head_json":{"title":"Piknik mozi, koncertek, sz\u00ednh\u00e1z - Ezen a h\u00e9ten is remek programokkal v\u00e1rjuk \u00d6n\u00f6ket! - \u00d3budai Ny\u00e1r 2022 | obuda.hu","robots":{"index":"index","follow":"follow","max-snippet":"max-snippet:-1","max-image-preview":"max-image-preview:large","max-video-preview":"max-video-preview:-1"},"canonical":"https:\/\/www.obudainyar.hu\/2022\/piknik-mozi-koncertek-szinhaz-ezen-a-heten-is-remek-programokkal-varjuk-onoket\/","og_locale":"hu_HU","og_type":"article","og_title":"Piknik mozi, koncertek, sz\u00ednh\u00e1z - Ezen a h\u00e9ten is remek programokkal v\u00e1rjuk \u00d6n\u00f6ket! - \u00d3budai Ny\u00e1r 2022 | obuda.hu","og_description":"J\u00falius m\u00e1sodik het\u00e9ben is remek aj\u00e1nlatokkal v\u00e1rja \u00d6n\u00f6ket az \u00d3budai Ny\u00e1r! Koncert, kult\u00fara, mozi, gyermekel\u0151ad\u00e1sok. V\u00e1logassanak ingyenes programjaink k\u00f6z\u00fcl, tartsanak vel\u00fcnk.","og_url":"https:\/\/www.obudainyar.hu\/2022\/piknik-mozi-koncertek-szinhaz-ezen-a-heten-is-remek-programokkal-varjuk-onoket\/","og_site_name":"\u00d3budai Ny\u00e1r 2022 | obuda.hu","article_published_time":"2022-07-05T06:52:30+00:00","og_image":[{"width":2560,"height":1440,"url":"https:\/\/www.obudainyar.hu\/2022\/wp-content\/uploads\/2022\/07\/o\u0301budai-nya\u0301r_hero_programok-scaled.jpg","type":"image\/jpeg"}],"twitter_card":"summary_large_image","twitter_misc":{"Szerz\u0151:":"kontrohrandrea","Becs\u00fclt olvas\u00e1si id\u0151":"1 perc"},"schema":{"@context":"https:\/\/schema.org","@graph":[{"@type":"WebSite","@id":"https:\/\/www.obudainyar.hu\/2022\/#website","url":"https:\/\/www.obudainyar.hu\/2022\/","name":"\u00d3budai Ny\u00e1r 2022 | obuda.hu","description":"","potentialAction":[{"@type":"SearchAction","target":{"@type":"EntryPoint","urlTemplate":"https:\/\/www.obudainyar.hu\/2022\/?s={search_term_string}"},"query-input":"required name=search_term_string"}],"inLanguage":"hu"},{"@type":"ImageObject","@id":"https:\/\/www.obudainyar.hu\/2022\/piknik-mozi-koncertek-szinhaz-ezen-a-heten-is-remek-programokkal-varjuk-onoket\/#primaryimage","inLanguage":"hu","url":"https:\/\/www.obudainyar.hu\/2022\/wp-content\/uploads\/2022\/07\/o\u0301budai-nya\u0301r_hero_programok-scaled.jpg","contentUrl":"https:\/\/www.obudainyar.hu\/2022\/wp-content\/uploads\/2022\/07\/o\u0301budai-nya\u0301r_hero_programok-scaled.jpg","width":2560,"height":1440},{"@type":"WebPage","@id":"https:\/\/www.obudainyar.hu\/2022\/piknik-mozi-koncertek-szinhaz-ezen-a-heten-is-remek-programokkal-varjuk-onoket\/#webpage","url":"https:\/\/www.obudainyar.hu\/2022\/piknik-mozi-koncertek-szinhaz-ezen-a-heten-is-remek-programokkal-varjuk-onoket\/","name":"Piknik mozi, koncertek, sz\u00ednh\u00e1z - Ezen a h\u00e9ten is remek programokkal v\u00e1rjuk \u00d6n\u00f6ket! - \u00d3budai Ny\u00e1r 2022 | obuda.hu","isPartOf":{"@id":"https:\/\/www.obudainyar.hu\/2022\/#website"},"primaryImageOfPage":{"@id":"https:\/\/www.obudainyar.hu\/2022\/piknik-mozi-koncertek-szinhaz-ezen-a-heten-is-remek-programokkal-varjuk-onoket\/#primaryimage"},"datePublished":"2022-07-05T06:52:30+00:00","dateModified":"2022-07-05T06:52:30+00:00","author":{"@id":"https:\/\/www.obudainyar.hu\/2022\/#\/schema\/person\/326f839b262a757711803054eb7f82ed"},"breadcrumb":{"@id":"https:\/\/www.obudainyar.hu\/2022\/piknik-mozi-koncertek-szinhaz-ezen-a-heten-is-remek-programokkal-varjuk-onoket\/#breadcrumb"},"inLanguage":"hu","potentialAction":[{"@type":"ReadAction","target":["https:\/\/www.obudainyar.hu\/2022\/piknik-mozi-koncertek-szinhaz-ezen-a-heten-is-remek-programokkal-varjuk-onoket\/"]}]},{"@type":"BreadcrumbList","@id":"https:\/\/www.obudainyar.hu\/2022\/piknik-mozi-koncertek-szinhaz-ezen-a-heten-is-remek-programokkal-varjuk-onoket\/#breadcrumb","itemListElement":[{"@type":"ListItem","position":1,"name":"Kezd\u0151lap","item":"https:\/\/www.obudainyar.hu\/2022\/"},{"@type":"ListItem","position":2,"name":"Piknik mozi, koncertek, sz\u00ednh\u00e1z &#8211; Ezen a h\u00e9ten is remek programokkal v\u00e1rjuk \u00d6n\u00f6ket!"}]},{"@type":"Person","@id":"https:\/\/www.obudainyar.hu\/2022\/#\/schema\/person\/326f839b262a757711803054eb7f82ed","name":"kontrohrandrea","image":{"@type":"ImageObject","@id":"https:\/\/www.obudainyar.hu\/2022\/#personlogo","inLanguage":"hu","url":"https:\/\/secure.gravatar.com\/avatar\/5180e03a1bd56251a0e983cd1f8e454b?s=96&d=mm&r=g","contentUrl":"https:\/\/secure.gravatar.com\/avatar\/5180e03a1bd56251a0e983cd1f8e454b?s=96&d=mm&r=g","caption":"kontrohrandrea"},"url":"https:\/\/www.obudainyar.hu\/2022\/author\/kontrohrandrea\/"}]}},"_links":{"self":[{"href":"https:\/\/www.obudainyar.hu\/2022\/wp-json\/wp\/v2\/posts\/3084"}],"collection":[{"href":"https:\/\/www.obudainyar.hu\/2022\/wp-json\/wp\/v2\/posts"}],"about":[{"href":"https:\/\/www.obudainyar.hu\/2022\/wp-json\/wp\/v2\/types\/post"}],"author":[{"embeddable":true,"href":"https:\/\/www.obudainyar.hu\/2022\/wp-json\/wp\/v2\/users\/4"}],"replies":[{"embeddable":true,"href":"https:\/\/www.obudainyar.hu\/2022\/wp-json\/wp\/v2\/comments?post=3084"}],"version-history":[{"count":13,"href":"https:\/\/www.obudainyar.hu\/2022\/wp-json\/wp\/v2\/posts\/3084\/revisions"}],"predecessor-version":[{"id":3121,"href":"https:\/\/www.obudainyar.hu\/2022\/wp-json\/wp\/v2\/posts\/3084\/revisions\/3121"}],"wp:featuredmedia":[{"embeddable":true,"href":"https:\/\/www.obudainyar.hu\/2022\/wp-json\/wp\/v2\/media\/3117"}],"wp:attachment":[{"href":"https:\/\/www.obudainyar.hu\/2022\/wp-json\/wp\/v2\/media?parent=3084"}],"wp:term":[{"taxonomy":"category","embeddable":true,"href":"https:\/\/www.obudainyar.hu\/2022\/wp-json\/wp\/v2\/categories?post=3084"},{"taxonomy":"post_tag","embeddable":true,"href":"https:\/\/www.obudainyar.hu\/2022\/wp-json\/wp\/v2\/tags?post=3084"}],"curies":[{"name":"wp","href":"https:\/\/api.w.org\/{rel}","templated":true}]}}