{"id":3133,"date":"2022-07-11T16:35:23","date_gmt":"2022-07-11T14:35:23","guid":{"rendered":"https:\/\/www.obudainyar.hu\/2022\/?p=3133"},"modified":"2022-07-11T16:42:20","modified_gmt":"2022-07-11T14:42:20","slug":"fantasztikus-hetvegi-programokat-ajanlunk-onoknek","status":"publish","type":"post","link":"https:\/\/www.obudainyar.hu\/2022\/fantasztikus-hetvegi-programokat-ajanlunk-onoknek\/","title":{"rendered":"Fantasztikus h\u00e9tv\u00e9gi programokat aj\u00e1nlunk \u00d6n\u00f6knek"},"content":{"rendered":"<p>M\u00e1r cs\u00fct\u00f6rt\u00f6kt\u0151l ind\u00edtjuk a h\u00e9tv\u00e9g\u00e9t, \u00e9s jobbn\u00e1l jobb programok k\u00f6z\u00fcl v\u00e1logathat mag\u00e1nak mindenki a harmadik ker\u00fcletben j\u00falius k\u00f6zep\u00e9n. Strand, zene, mozi \u2013 mi k\u00e9szen \u00e1llunk.<\/p>\n<p>Folytat\u00f3dnak az ingyenes <a href=\"https:\/\/www.facebook.com\/events\/1480451629125287\/?ref=newsfeed\">Piknik Mozi-vet\u00edt\u00e9sek<\/a>. A d\u00edszletek ez\u00fattal is a szok\u00e1sosak: egy k\u00e9nyelmes pl\u00e9d, finom falatok, n\u00e9mi kortyolnival\u00f3, a t\u00e1gas, csillagos \u00e9g \u00e9s egy j\u00f3 film. Ez\u00fattal a M\u00e9szk\u0151 parkba v\u00e1rjuk vend\u00e9geinket j\u00falius 14-\u00e9n, cs\u00fct\u00f6rt\u00f6k\u00f6n este, ahol 20.30-t\u00f3l a Boh\u00e9m rapsz\u00f3dia c\u00edm\u0171 filmet tekinthetik meg. A 2018-as \u00e9letrajzi filmben Rami Malek szenz\u00e1ci\u00f3s alak\u00edt\u00e1s\u00e1ban l\u00e1thatjuk a v\u00e1sznon Freddie Mercury \u00e9s a Queen t\u00f6rt\u00e9net\u00e9t.<\/p>\n<p>P\u00e9nteken nyit Budapest egyetlen ingyenes Duna-parti f\u00fcrd\u0151helye, a var\u00e1zslatos R\u00f3mai-parti Pl\u00e1zs. Eg\u00e9szen augusztus 21-ig v\u00e1rjuk a strandolni v\u00e1gy\u00f3kat mindennap 10.00 \u00e9s 19.00 \u00f3ra k\u00f6z\u00f6tt a Kossuth Lajos \u00fcd\u00fcl\u0151part 15\u201317. sz\u00e1m alatt.<\/p>\n<p>Szint\u00e9n p\u00e9nteken, j\u00falius 15-\u00e9n l\u00e9p fel a F\u0151 t\u00e9ren a <a href=\"https:\/\/www.facebook.com\/events\/5161748310590207\/?ref=newsfeed\">Budapest B\u00e1r<\/a>. Az orsz\u00e1g egyik legjobb form\u00e1ci\u00f3ja pezsd\u00edt\u0151 t\u00e1ncdalokkal, remek feldolgoz\u00e1sokkal, sl\u00e1gerekkel \u00e9rkezik \u00d3bud\u00e1ra. Ha valami, h\u00e1t ez t\u00e9nyleg kihagyhatatlan h\u00e9tv\u00e9gi program. Az \u00faj ruh\u00e1ba \u00f6lt\u00f6ztetett \u00f6r\u00f6kz\u00f6ldeket ismert hazai m\u0171v\u00e9szek el\u0151ad\u00e1s\u00e1ban este h\u00e9t \u00f3r\u00e1t\u00f3l hallgathatjuk meg.<\/p>\n<p>J\u00falius 16-\u00e1n szombaton szint\u00e9n a F\u0151 t\u00e9rre v\u00e1rjuk a csal\u00e1dokat, gyerekeket. 10 \u00f3r\u00e1t\u00f3l a <a href=\"https:\/\/www.facebook.com\/events\/1056890968323752\/?ref=newsfeed\">Kincs\u0151 N\u00e9pt\u00e1ncegy\u00fcttes<\/a> m\u0171sor\u00e1t tekinthetik meg az \u00e9rdekl\u0151d\u0151k, 11 \u00f3r\u00e1t\u00f3l pedig a <a href=\"https:\/\/www.facebook.com\/events\/359079106385386?ref=newsfeed\">HandaBanda zenekar<\/a> koncertj\u00e9re v\u00e1runk mindenkit szeretettel.<\/p>\n","protected":false},"excerpt":{"rendered":"<p>M\u00e1r cs\u00fct\u00f6rt\u00f6kt\u0151l ind\u00edtjuk a h\u00e9tv\u00e9g\u00e9t, \u00e9s jobbn\u00e1l jobb programok k\u00f6z\u00fcl v\u00e1logathat mag\u00e1nak mindenki a harmadik ker\u00fcletben j\u00falius k\u00f6zep\u00e9n. Strand, zene, mozi \u2013 mi k\u00e9szen \u00e1llunk. Folytat\u00f3dnak az ingyenes Piknik Mozi-vet\u00edt\u00e9sek. [&hellip;]<\/p>\n","protected":false},"author":7,"featured_media":3137,"comment_status":"open","ping_status":"open","sticky":false,"template":"","format":"standard","meta":[],"categories":[1],"tags":[352,450,59,354,398,449,447],"yoast_head":"<!-- This site is optimized with the Yoast SEO plugin v17.5 - https:\/\/yoast.com\/wordpress\/plugins\/seo\/ -->\n<title>Fantasztikus h\u00e9tv\u00e9gi programokat aj\u00e1nlunk \u00d6n\u00f6knek - \u00d3budai Ny\u00e1r 2022 | obuda.hu<\/title>\n<meta name=\"description\" content=\"M\u00e1r cs\u00fct\u00f6rt\u00f6kt\u0151l ind\u00edtjuk a h\u00e9tv\u00e9g\u00e9t, \u00e9s jobbn\u00e1l jobb programok k\u00f6z\u00fcl v\u00e1logathat mag\u00e1nak mindenki a harmadik ker\u00fcletben j\u00falius k\u00f6zep\u00e9n. Strand, zene, mozi \u2013 mi k\u00e9szen \u00e1llunk.\" \/>\n<meta name=\"robots\" content=\"index, follow, max-snippet:-1, max-image-preview:large, max-video-preview:-1\" \/>\n<link rel=\"canonical\" href=\"https:\/\/www.obudainyar.hu\/2022\/fantasztikus-hetvegi-programokat-ajanlunk-onoknek\/\" \/>\n<meta property=\"og:locale\" content=\"hu_HU\" \/>\n<meta property=\"og:type\" content=\"article\" \/>\n<meta property=\"og:title\" content=\"Fantasztikus h\u00e9tv\u00e9gi programokat aj\u00e1nlunk \u00d6n\u00f6knek - \u00d3budai Ny\u00e1r 2022 | obuda.hu\" \/>\n<meta property=\"og:description\" content=\"M\u00e1r cs\u00fct\u00f6rt\u00f6kt\u0151l ind\u00edtjuk a h\u00e9tv\u00e9g\u00e9t, \u00e9s jobbn\u00e1l jobb programok k\u00f6z\u00fcl v\u00e1logathat mag\u00e1nak mindenki a harmadik ker\u00fcletben j\u00falius k\u00f6zep\u00e9n. Strand, zene, mozi \u2013 mi k\u00e9szen \u00e1llunk.\" \/>\n<meta property=\"og:url\" content=\"https:\/\/www.obudainyar.hu\/2022\/fantasztikus-hetvegi-programokat-ajanlunk-onoknek\/\" \/>\n<meta property=\"og:site_name\" content=\"\u00d3budai Ny\u00e1r 2022 | obuda.hu\" \/>\n<meta property=\"article:published_time\" content=\"2022-07-11T14:35:23+00:00\" \/>\n<meta property=\"article:modified_time\" content=\"2022-07-11T14:42:20+00:00\" \/>\n<meta property=\"og:image\" content=\"https:\/\/www.obudainyar.hu\/2022\/wp-content\/uploads\/2022\/07\/BudapestBa\u0301r_hero--scaled.jpg\" \/>\n\t<meta property=\"og:image:width\" content=\"2560\" \/>\n\t<meta property=\"og:image:height\" content=\"1440\" \/>\n<meta name=\"twitter:card\" content=\"summary_large_image\" \/>\n<meta name=\"twitter:label1\" content=\"Szerz\u0151:\" \/>\n\t<meta name=\"twitter:data1\" content=\"obudaizisztoth\" \/>\n\t<meta name=\"twitter:label2\" content=\"Becs\u00fclt olvas\u00e1si id\u0151\" \/>\n\t<meta name=\"twitter:data2\" content=\"2 perc\" \/>\n<script type=\"application\/ld+json\" class=\"yoast-schema-graph\">{\"@context\":\"https:\/\/schema.org\",\"@graph\":[{\"@type\":\"WebSite\",\"@id\":\"https:\/\/www.obudainyar.hu\/2022\/#website\",\"url\":\"https:\/\/www.obudainyar.hu\/2022\/\",\"name\":\"\\u00d3budai Ny\\u00e1r 2022 | obuda.hu\",\"description\":\"\",\"potentialAction\":[{\"@type\":\"SearchAction\",\"target\":{\"@type\":\"EntryPoint\",\"urlTemplate\":\"https:\/\/www.obudainyar.hu\/2022\/?s={search_term_string}\"},\"query-input\":\"required name=search_term_string\"}],\"inLanguage\":\"hu\"},{\"@type\":\"ImageObject\",\"@id\":\"https:\/\/www.obudainyar.hu\/2022\/fantasztikus-hetvegi-programokat-ajanlunk-onoknek\/#primaryimage\",\"inLanguage\":\"hu\",\"url\":\"https:\/\/www.obudainyar.hu\/2022\/wp-content\/uploads\/2022\/07\/BudapestBa\\u0301r_hero--scaled.jpg\",\"contentUrl\":\"https:\/\/www.obudainyar.hu\/2022\/wp-content\/uploads\/2022\/07\/BudapestBa\\u0301r_hero--scaled.jpg\",\"width\":2560,\"height\":1440},{\"@type\":\"WebPage\",\"@id\":\"https:\/\/www.obudainyar.hu\/2022\/fantasztikus-hetvegi-programokat-ajanlunk-onoknek\/#webpage\",\"url\":\"https:\/\/www.obudainyar.hu\/2022\/fantasztikus-hetvegi-programokat-ajanlunk-onoknek\/\",\"name\":\"Fantasztikus h\\u00e9tv\\u00e9gi programokat aj\\u00e1nlunk \\u00d6n\\u00f6knek - \\u00d3budai Ny\\u00e1r 2022 | obuda.hu\",\"isPartOf\":{\"@id\":\"https:\/\/www.obudainyar.hu\/2022\/#website\"},\"primaryImageOfPage\":{\"@id\":\"https:\/\/www.obudainyar.hu\/2022\/fantasztikus-hetvegi-programokat-ajanlunk-onoknek\/#primaryimage\"},\"datePublished\":\"2022-07-11T14:35:23+00:00\",\"dateModified\":\"2022-07-11T14:42:20+00:00\",\"author\":{\"@id\":\"https:\/\/www.obudainyar.hu\/2022\/#\/schema\/person\/0de2e3ba7d381d08629f25da7ced2f02\"},\"description\":\"M\\u00e1r cs\\u00fct\\u00f6rt\\u00f6kt\\u0151l ind\\u00edtjuk a h\\u00e9tv\\u00e9g\\u00e9t, \\u00e9s jobbn\\u00e1l jobb programok k\\u00f6z\\u00fcl v\\u00e1logathat mag\\u00e1nak mindenki a harmadik ker\\u00fcletben j\\u00falius k\\u00f6zep\\u00e9n. Strand, zene, mozi \\u2013 mi k\\u00e9szen \\u00e1llunk.\",\"breadcrumb\":{\"@id\":\"https:\/\/www.obudainyar.hu\/2022\/fantasztikus-hetvegi-programokat-ajanlunk-onoknek\/#breadcrumb\"},\"inLanguage\":\"hu\",\"potentialAction\":[{\"@type\":\"ReadAction\",\"target\":[\"https:\/\/www.obudainyar.hu\/2022\/fantasztikus-hetvegi-programokat-ajanlunk-onoknek\/\"]}]},{\"@type\":\"BreadcrumbList\",\"@id\":\"https:\/\/www.obudainyar.hu\/2022\/fantasztikus-hetvegi-programokat-ajanlunk-onoknek\/#breadcrumb\",\"itemListElement\":[{\"@type\":\"ListItem\",\"position\":1,\"name\":\"Kezd\\u0151lap\",\"item\":\"https:\/\/www.obudainyar.hu\/2022\/\"},{\"@type\":\"ListItem\",\"position\":2,\"name\":\"Fantasztikus h\\u00e9tv\\u00e9gi programokat aj\\u00e1nlunk \\u00d6n\\u00f6knek\"}]},{\"@type\":\"Person\",\"@id\":\"https:\/\/www.obudainyar.hu\/2022\/#\/schema\/person\/0de2e3ba7d381d08629f25da7ced2f02\",\"name\":\"obudaizisztoth\",\"image\":{\"@type\":\"ImageObject\",\"@id\":\"https:\/\/www.obudainyar.hu\/2022\/#personlogo\",\"inLanguage\":\"hu\",\"url\":\"https:\/\/secure.gravatar.com\/avatar\/a0526141c4bdb3062a67aa15bd40aa1c?s=96&d=mm&r=g\",\"contentUrl\":\"https:\/\/secure.gravatar.com\/avatar\/a0526141c4bdb3062a67aa15bd40aa1c?s=96&d=mm&r=g\",\"caption\":\"obudaizisztoth\"},\"url\":\"https:\/\/www.obudainyar.hu\/2022\/author\/obudaizisztoth\/\"}]}<\/script>\n<!-- \/ Yoast SEO plugin. -->","yoast_head_json":{"title":"Fantasztikus h\u00e9tv\u00e9gi programokat aj\u00e1nlunk \u00d6n\u00f6knek - \u00d3budai Ny\u00e1r 2022 | obuda.hu","description":"M\u00e1r cs\u00fct\u00f6rt\u00f6kt\u0151l ind\u00edtjuk a h\u00e9tv\u00e9g\u00e9t, \u00e9s jobbn\u00e1l jobb programok k\u00f6z\u00fcl v\u00e1logathat mag\u00e1nak mindenki a harmadik ker\u00fcletben j\u00falius k\u00f6zep\u00e9n. Strand, zene, mozi \u2013 mi k\u00e9szen \u00e1llunk.","robots":{"index":"index","follow":"follow","max-snippet":"max-snippet:-1","max-image-preview":"max-image-preview:large","max-video-preview":"max-video-preview:-1"},"canonical":"https:\/\/www.obudainyar.hu\/2022\/fantasztikus-hetvegi-programokat-ajanlunk-onoknek\/","og_locale":"hu_HU","og_type":"article","og_title":"Fantasztikus h\u00e9tv\u00e9gi programokat aj\u00e1nlunk \u00d6n\u00f6knek - \u00d3budai Ny\u00e1r 2022 | obuda.hu","og_description":"M\u00e1r cs\u00fct\u00f6rt\u00f6kt\u0151l ind\u00edtjuk a h\u00e9tv\u00e9g\u00e9t, \u00e9s jobbn\u00e1l jobb programok k\u00f6z\u00fcl v\u00e1logathat mag\u00e1nak mindenki a harmadik ker\u00fcletben j\u00falius k\u00f6zep\u00e9n. Strand, zene, mozi \u2013 mi k\u00e9szen \u00e1llunk.","og_url":"https:\/\/www.obudainyar.hu\/2022\/fantasztikus-hetvegi-programokat-ajanlunk-onoknek\/","og_site_name":"\u00d3budai Ny\u00e1r 2022 | obuda.hu","article_published_time":"2022-07-11T14:35:23+00:00","article_modified_time":"2022-07-11T14:42:20+00:00","og_image":[{"width":2560,"height":1440,"url":"https:\/\/www.obudainyar.hu\/2022\/wp-content\/uploads\/2022\/07\/BudapestBa\u0301r_hero--scaled.jpg","type":"image\/jpeg"}],"twitter_card":"summary_large_image","twitter_misc":{"Szerz\u0151:":"obudaizisztoth","Becs\u00fclt olvas\u00e1si id\u0151":"2 perc"},"schema":{"@context":"https:\/\/schema.org","@graph":[{"@type":"WebSite","@id":"https:\/\/www.obudainyar.hu\/2022\/#website","url":"https:\/\/www.obudainyar.hu\/2022\/","name":"\u00d3budai Ny\u00e1r 2022 | obuda.hu","description":"","potentialAction":[{"@type":"SearchAction","target":{"@type":"EntryPoint","urlTemplate":"https:\/\/www.obudainyar.hu\/2022\/?s={search_term_string}"},"query-input":"required name=search_term_string"}],"inLanguage":"hu"},{"@type":"ImageObject","@id":"https:\/\/www.obudainyar.hu\/2022\/fantasztikus-hetvegi-programokat-ajanlunk-onoknek\/#primaryimage","inLanguage":"hu","url":"https:\/\/www.obudainyar.hu\/2022\/wp-content\/uploads\/2022\/07\/BudapestBa\u0301r_hero--scaled.jpg","contentUrl":"https:\/\/www.obudainyar.hu\/2022\/wp-content\/uploads\/2022\/07\/BudapestBa\u0301r_hero--scaled.jpg","width":2560,"height":1440},{"@type":"WebPage","@id":"https:\/\/www.obudainyar.hu\/2022\/fantasztikus-hetvegi-programokat-ajanlunk-onoknek\/#webpage","url":"https:\/\/www.obudainyar.hu\/2022\/fantasztikus-hetvegi-programokat-ajanlunk-onoknek\/","name":"Fantasztikus h\u00e9tv\u00e9gi programokat aj\u00e1nlunk \u00d6n\u00f6knek - \u00d3budai Ny\u00e1r 2022 | obuda.hu","isPartOf":{"@id":"https:\/\/www.obudainyar.hu\/2022\/#website"},"primaryImageOfPage":{"@id":"https:\/\/www.obudainyar.hu\/2022\/fantasztikus-hetvegi-programokat-ajanlunk-onoknek\/#primaryimage"},"datePublished":"2022-07-11T14:35:23+00:00","dateModified":"2022-07-11T14:42:20+00:00","author":{"@id":"https:\/\/www.obudainyar.hu\/2022\/#\/schema\/person\/0de2e3ba7d381d08629f25da7ced2f02"},"description":"M\u00e1r cs\u00fct\u00f6rt\u00f6kt\u0151l ind\u00edtjuk a h\u00e9tv\u00e9g\u00e9t, \u00e9s jobbn\u00e1l jobb programok k\u00f6z\u00fcl v\u00e1logathat mag\u00e1nak mindenki a harmadik ker\u00fcletben j\u00falius k\u00f6zep\u00e9n. Strand, zene, mozi \u2013 mi k\u00e9szen \u00e1llunk.","breadcrumb":{"@id":"https:\/\/www.obudainyar.hu\/2022\/fantasztikus-hetvegi-programokat-ajanlunk-onoknek\/#breadcrumb"},"inLanguage":"hu","potentialAction":[{"@type":"ReadAction","target":["https:\/\/www.obudainyar.hu\/2022\/fantasztikus-hetvegi-programokat-ajanlunk-onoknek\/"]}]},{"@type":"BreadcrumbList","@id":"https:\/\/www.obudainyar.hu\/2022\/fantasztikus-hetvegi-programokat-ajanlunk-onoknek\/#breadcrumb","itemListElement":[{"@type":"ListItem","position":1,"name":"Kezd\u0151lap","item":"https:\/\/www.obudainyar.hu\/2022\/"},{"@type":"ListItem","position":2,"name":"Fantasztikus h\u00e9tv\u00e9gi programokat aj\u00e1nlunk \u00d6n\u00f6knek"}]},{"@type":"Person","@id":"https:\/\/www.obudainyar.hu\/2022\/#\/schema\/person\/0de2e3ba7d381d08629f25da7ced2f02","name":"obudaizisztoth","image":{"@type":"ImageObject","@id":"https:\/\/www.obudainyar.hu\/2022\/#personlogo","inLanguage":"hu","url":"https:\/\/secure.gravatar.com\/avatar\/a0526141c4bdb3062a67aa15bd40aa1c?s=96&d=mm&r=g","contentUrl":"https:\/\/secure.gravatar.com\/avatar\/a0526141c4bdb3062a67aa15bd40aa1c?s=96&d=mm&r=g","caption":"obudaizisztoth"},"url":"https:\/\/www.obudainyar.hu\/2022\/author\/obudaizisztoth\/"}]}},"_links":{"self":[{"href":"https:\/\/www.obudainyar.hu\/2022\/wp-json\/wp\/v2\/posts\/3133"}],"collection":[{"href":"https:\/\/www.obudainyar.hu\/2022\/wp-json\/wp\/v2\/posts"}],"about":[{"href":"https:\/\/www.obudainyar.hu\/2022\/wp-json\/wp\/v2\/types\/post"}],"author":[{"embeddable":true,"href":"https:\/\/www.obudainyar.hu\/2022\/wp-json\/wp\/v2\/users\/7"}],"replies":[{"embeddable":true,"href":"https:\/\/www.obudainyar.hu\/2022\/wp-json\/wp\/v2\/comments?post=3133"}],"version-history":[{"count":3,"href":"https:\/\/www.obudainyar.hu\/2022\/wp-json\/wp\/v2\/posts\/3133\/revisions"}],"predecessor-version":[{"id":3136,"href":"https:\/\/www.obudainyar.hu\/2022\/wp-json\/wp\/v2\/posts\/3133\/revisions\/3136"}],"wp:featuredmedia":[{"embeddable":true,"href":"https:\/\/www.obudainyar.hu\/2022\/wp-json\/wp\/v2\/media\/3137"}],"wp:attachment":[{"href":"https:\/\/www.obudainyar.hu\/2022\/wp-json\/wp\/v2\/media?parent=3133"}],"wp:term":[{"taxonomy":"category","embeddable":true,"href":"https:\/\/www.obudainyar.hu\/2022\/wp-json\/wp\/v2\/categories?post=3133"},{"taxonomy":"post_tag","embeddable":true,"href":"https:\/\/www.obudainyar.hu\/2022\/wp-json\/wp\/v2\/tags?post=3133"}],"curies":[{"name":"wp","href":"https:\/\/api.w.org\/{rel}","templated":true}]}}