{"id":3295,"date":"2022-08-23T16:28:28","date_gmt":"2022-08-23T14:28:28","guid":{"rendered":"https:\/\/www.obudainyar.hu\/2022\/?p=3295"},"modified":"2022-08-23T17:52:52","modified_gmt":"2022-08-23T15:52:52","slug":"tancbemutato-es-tanchaz-a-kincso-neptancegyuttes-musoran","status":"publish","type":"post","link":"https:\/\/www.obudainyar.hu\/2022\/tancbemutato-es-tanchaz-a-kincso-neptancegyuttes-musoran\/","title":{"rendered":"T\u00e1ncbemutat\u00f3 \u00e9s t\u00e1nch\u00e1z a Kincs\u0151 N\u00e9pt\u00e1ncegy\u00fcttes m\u0171sor\u00e1n"},"content":{"rendered":"<p><strong>Az augusztus 27., szombat este programja:<\/strong><\/p>\n<p>18:00\u00a0\u00a0\u00a0\u00a0\u00a0 Berka Egy\u00fcttes koncert \u00e9s moldvai t\u00e1ncbemutat\u00f3.<br \/>\n18:30 \u00a0 \u00a0\u00a0 Erd\u0151f\u0171 N\u00e9pi Kamarazenekar koncert \u00e9s sz\u00e1szcs\u00e1v\u00e1si, valamint kalotaszegi t\u00e1ncbemutat\u00f3.<\/p>\n<p>19:00-22:00 T\u00e1nch\u00e1z<\/p>\n<p>T\u00e1ncoktat\u00f3k: Mos\u00f3czi Istv\u00e1n, Baloghn\u00e9 Vatai Barbara \u00e9s M\u00f3ga Bence.<\/p>\n<p>&nbsp;<\/p>\n<p>J\u00f6jjenek el <strong>a B\u00e9k\u00e1smegyeri piac k\u00f6z\u00f6ss\u00e9gi ter\u00e9re<\/strong>, hallgass\u00e1k meg a sz\u00e9p \u0151si dallamokat \u00e9s ropj\u00e1k, am\u00edg a l\u00e1buk b\u00edrja!<\/p>\n<p>V\u00e1rjuk \u00d6n\u00f6ket szeretettel!<\/p>\n<p>&nbsp;<\/p>\n","protected":false},"excerpt":{"rendered":"<p>R\u00e9gi igazs\u00e1g, hogy a j\u00f3 zene \u00e9s a t\u00e1nc meg\u00faj\u00edtj\u00e1k a testet \u00e9s a lelket. A b\u00e9k\u00e1smegyeri Kincs\u0151 N\u00e9pt\u00e1ncegy\u00fcttes Szabad p\u00e9ntek, szabad szombat t\u00e1nch\u00e1zsorozat\u00e1nak keretein bel\u00fcl fergeteges n\u00e9pzenei koncerteket l\u00e1thatnak, hallgathatnak \u00e9s ami a legjobb: a remek zen\u00e9re egy\u00fctt is t\u00e1ncolhatnak. <\/p>\n","protected":false},"author":4,"featured_media":3301,"comment_status":"open","ping_status":"open","sticky":false,"template":"","format":"standard","meta":[],"categories":[1],"tags":[476,477,474,475,398],"yoast_head":"<!-- This site is optimized with the Yoast SEO plugin v17.5 - https:\/\/yoast.com\/wordpress\/plugins\/seo\/ -->\n<title>T\u00e1ncbemutat\u00f3 \u00e9s t\u00e1nch\u00e1z a Kincs\u0151 N\u00e9pt\u00e1ncegy\u00fcttes m\u0171sor\u00e1n - \u00d3budai Ny\u00e1r 2022 | obuda.hu<\/title>\n<meta name=\"robots\" content=\"index, follow, max-snippet:-1, max-image-preview:large, max-video-preview:-1\" \/>\n<link rel=\"canonical\" href=\"https:\/\/www.obudainyar.hu\/2022\/tancbemutato-es-tanchaz-a-kincso-neptancegyuttes-musoran\/\" \/>\n<meta property=\"og:locale\" content=\"hu_HU\" \/>\n<meta property=\"og:type\" content=\"article\" \/>\n<meta property=\"og:title\" content=\"T\u00e1ncbemutat\u00f3 \u00e9s t\u00e1nch\u00e1z a Kincs\u0151 N\u00e9pt\u00e1ncegy\u00fcttes m\u0171sor\u00e1n - \u00d3budai Ny\u00e1r 2022 | obuda.hu\" \/>\n<meta property=\"og:description\" content=\"R\u00e9gi igazs\u00e1g, hogy a j\u00f3 zene \u00e9s a t\u00e1nc meg\u00faj\u00edtj\u00e1k a testet \u00e9s a lelket. A b\u00e9k\u00e1smegyeri Kincs\u0151 N\u00e9pt\u00e1ncegy\u00fcttes Szabad p\u00e9ntek, szabad szombat t\u00e1nch\u00e1zsorozat\u00e1nak keretein bel\u00fcl fergeteges n\u00e9pzenei koncerteket l\u00e1thatnak, hallgathatnak \u00e9s ami a legjobb: a remek zen\u00e9re egy\u00fctt is t\u00e1ncolhatnak.\" \/>\n<meta property=\"og:url\" content=\"https:\/\/www.obudainyar.hu\/2022\/tancbemutato-es-tanchaz-a-kincso-neptancegyuttes-musoran\/\" \/>\n<meta property=\"og:site_name\" content=\"\u00d3budai Ny\u00e1r 2022 | obuda.hu\" \/>\n<meta property=\"article:published_time\" content=\"2022-08-23T14:28:28+00:00\" \/>\n<meta property=\"article:modified_time\" content=\"2022-08-23T15:52:52+00:00\" \/>\n<meta property=\"og:image\" content=\"https:\/\/www.obudainyar.hu\/2022\/wp-content\/uploads\/2022\/08\/20220508-2O4A1991-1.jpg\" \/>\n\t<meta property=\"og:image:width\" content=\"1800\" \/>\n\t<meta property=\"og:image:height\" content=\"1200\" \/>\n<meta name=\"twitter:card\" content=\"summary_large_image\" \/>\n<meta name=\"twitter:label1\" content=\"Szerz\u0151:\" \/>\n\t<meta name=\"twitter:data1\" content=\"kontrohrandrea\" \/>\n<script type=\"application\/ld+json\" class=\"yoast-schema-graph\">{\"@context\":\"https:\/\/schema.org\",\"@graph\":[{\"@type\":\"WebSite\",\"@id\":\"https:\/\/www.obudainyar.hu\/2022\/#website\",\"url\":\"https:\/\/www.obudainyar.hu\/2022\/\",\"name\":\"\\u00d3budai Ny\\u00e1r 2022 | obuda.hu\",\"description\":\"\",\"potentialAction\":[{\"@type\":\"SearchAction\",\"target\":{\"@type\":\"EntryPoint\",\"urlTemplate\":\"https:\/\/www.obudainyar.hu\/2022\/?s={search_term_string}\"},\"query-input\":\"required name=search_term_string\"}],\"inLanguage\":\"hu\"},{\"@type\":\"ImageObject\",\"@id\":\"https:\/\/www.obudainyar.hu\/2022\/tancbemutato-es-tanchaz-a-kincso-neptancegyuttes-musoran\/#primaryimage\",\"inLanguage\":\"hu\",\"url\":\"https:\/\/www.obudainyar.hu\/2022\/wp-content\/uploads\/2022\/08\/20220508-2O4A1991-1.jpg\",\"contentUrl\":\"https:\/\/www.obudainyar.hu\/2022\/wp-content\/uploads\/2022\/08\/20220508-2O4A1991-1.jpg\",\"width\":1800,\"height\":1200},{\"@type\":\"WebPage\",\"@id\":\"https:\/\/www.obudainyar.hu\/2022\/tancbemutato-es-tanchaz-a-kincso-neptancegyuttes-musoran\/#webpage\",\"url\":\"https:\/\/www.obudainyar.hu\/2022\/tancbemutato-es-tanchaz-a-kincso-neptancegyuttes-musoran\/\",\"name\":\"T\\u00e1ncbemutat\\u00f3 \\u00e9s t\\u00e1nch\\u00e1z a Kincs\\u0151 N\\u00e9pt\\u00e1ncegy\\u00fcttes m\\u0171sor\\u00e1n - \\u00d3budai Ny\\u00e1r 2022 | obuda.hu\",\"isPartOf\":{\"@id\":\"https:\/\/www.obudainyar.hu\/2022\/#website\"},\"primaryImageOfPage\":{\"@id\":\"https:\/\/www.obudainyar.hu\/2022\/tancbemutato-es-tanchaz-a-kincso-neptancegyuttes-musoran\/#primaryimage\"},\"datePublished\":\"2022-08-23T14:28:28+00:00\",\"dateModified\":\"2022-08-23T15:52:52+00:00\",\"author\":{\"@id\":\"https:\/\/www.obudainyar.hu\/2022\/#\/schema\/person\/326f839b262a757711803054eb7f82ed\"},\"breadcrumb\":{\"@id\":\"https:\/\/www.obudainyar.hu\/2022\/tancbemutato-es-tanchaz-a-kincso-neptancegyuttes-musoran\/#breadcrumb\"},\"inLanguage\":\"hu\",\"potentialAction\":[{\"@type\":\"ReadAction\",\"target\":[\"https:\/\/www.obudainyar.hu\/2022\/tancbemutato-es-tanchaz-a-kincso-neptancegyuttes-musoran\/\"]}]},{\"@type\":\"BreadcrumbList\",\"@id\":\"https:\/\/www.obudainyar.hu\/2022\/tancbemutato-es-tanchaz-a-kincso-neptancegyuttes-musoran\/#breadcrumb\",\"itemListElement\":[{\"@type\":\"ListItem\",\"position\":1,\"name\":\"Kezd\\u0151lap\",\"item\":\"https:\/\/www.obudainyar.hu\/2022\/\"},{\"@type\":\"ListItem\",\"position\":2,\"name\":\"T\\u00e1ncbemutat\\u00f3 \\u00e9s t\\u00e1nch\\u00e1z a Kincs\\u0151 N\\u00e9pt\\u00e1ncegy\\u00fcttes m\\u0171sor\\u00e1n\"}]},{\"@type\":\"Person\",\"@id\":\"https:\/\/www.obudainyar.hu\/2022\/#\/schema\/person\/326f839b262a757711803054eb7f82ed\",\"name\":\"kontrohrandrea\",\"image\":{\"@type\":\"ImageObject\",\"@id\":\"https:\/\/www.obudainyar.hu\/2022\/#personlogo\",\"inLanguage\":\"hu\",\"url\":\"https:\/\/secure.gravatar.com\/avatar\/5180e03a1bd56251a0e983cd1f8e454b?s=96&d=mm&r=g\",\"contentUrl\":\"https:\/\/secure.gravatar.com\/avatar\/5180e03a1bd56251a0e983cd1f8e454b?s=96&d=mm&r=g\",\"caption\":\"kontrohrandrea\"},\"url\":\"https:\/\/www.obudainyar.hu\/2022\/author\/kontrohrandrea\/\"}]}<\/script>\n<!-- \/ Yoast SEO plugin. -->","yoast_head_json":{"title":"T\u00e1ncbemutat\u00f3 \u00e9s t\u00e1nch\u00e1z a Kincs\u0151 N\u00e9pt\u00e1ncegy\u00fcttes m\u0171sor\u00e1n - \u00d3budai Ny\u00e1r 2022 | obuda.hu","robots":{"index":"index","follow":"follow","max-snippet":"max-snippet:-1","max-image-preview":"max-image-preview:large","max-video-preview":"max-video-preview:-1"},"canonical":"https:\/\/www.obudainyar.hu\/2022\/tancbemutato-es-tanchaz-a-kincso-neptancegyuttes-musoran\/","og_locale":"hu_HU","og_type":"article","og_title":"T\u00e1ncbemutat\u00f3 \u00e9s t\u00e1nch\u00e1z a Kincs\u0151 N\u00e9pt\u00e1ncegy\u00fcttes m\u0171sor\u00e1n - \u00d3budai Ny\u00e1r 2022 | obuda.hu","og_description":"R\u00e9gi igazs\u00e1g, hogy a j\u00f3 zene \u00e9s a t\u00e1nc meg\u00faj\u00edtj\u00e1k a testet \u00e9s a lelket. A b\u00e9k\u00e1smegyeri Kincs\u0151 N\u00e9pt\u00e1ncegy\u00fcttes Szabad p\u00e9ntek, szabad szombat t\u00e1nch\u00e1zsorozat\u00e1nak keretein bel\u00fcl fergeteges n\u00e9pzenei koncerteket l\u00e1thatnak, hallgathatnak \u00e9s ami a legjobb: a remek zen\u00e9re egy\u00fctt is t\u00e1ncolhatnak.","og_url":"https:\/\/www.obudainyar.hu\/2022\/tancbemutato-es-tanchaz-a-kincso-neptancegyuttes-musoran\/","og_site_name":"\u00d3budai Ny\u00e1r 2022 | obuda.hu","article_published_time":"2022-08-23T14:28:28+00:00","article_modified_time":"2022-08-23T15:52:52+00:00","og_image":[{"width":1800,"height":1200,"url":"https:\/\/www.obudainyar.hu\/2022\/wp-content\/uploads\/2022\/08\/20220508-2O4A1991-1.jpg","type":"image\/jpeg"}],"twitter_card":"summary_large_image","twitter_misc":{"Szerz\u0151:":"kontrohrandrea"},"schema":{"@context":"https:\/\/schema.org","@graph":[{"@type":"WebSite","@id":"https:\/\/www.obudainyar.hu\/2022\/#website","url":"https:\/\/www.obudainyar.hu\/2022\/","name":"\u00d3budai Ny\u00e1r 2022 | obuda.hu","description":"","potentialAction":[{"@type":"SearchAction","target":{"@type":"EntryPoint","urlTemplate":"https:\/\/www.obudainyar.hu\/2022\/?s={search_term_string}"},"query-input":"required name=search_term_string"}],"inLanguage":"hu"},{"@type":"ImageObject","@id":"https:\/\/www.obudainyar.hu\/2022\/tancbemutato-es-tanchaz-a-kincso-neptancegyuttes-musoran\/#primaryimage","inLanguage":"hu","url":"https:\/\/www.obudainyar.hu\/2022\/wp-content\/uploads\/2022\/08\/20220508-2O4A1991-1.jpg","contentUrl":"https:\/\/www.obudainyar.hu\/2022\/wp-content\/uploads\/2022\/08\/20220508-2O4A1991-1.jpg","width":1800,"height":1200},{"@type":"WebPage","@id":"https:\/\/www.obudainyar.hu\/2022\/tancbemutato-es-tanchaz-a-kincso-neptancegyuttes-musoran\/#webpage","url":"https:\/\/www.obudainyar.hu\/2022\/tancbemutato-es-tanchaz-a-kincso-neptancegyuttes-musoran\/","name":"T\u00e1ncbemutat\u00f3 \u00e9s t\u00e1nch\u00e1z a Kincs\u0151 N\u00e9pt\u00e1ncegy\u00fcttes m\u0171sor\u00e1n - \u00d3budai Ny\u00e1r 2022 | obuda.hu","isPartOf":{"@id":"https:\/\/www.obudainyar.hu\/2022\/#website"},"primaryImageOfPage":{"@id":"https:\/\/www.obudainyar.hu\/2022\/tancbemutato-es-tanchaz-a-kincso-neptancegyuttes-musoran\/#primaryimage"},"datePublished":"2022-08-23T14:28:28+00:00","dateModified":"2022-08-23T15:52:52+00:00","author":{"@id":"https:\/\/www.obudainyar.hu\/2022\/#\/schema\/person\/326f839b262a757711803054eb7f82ed"},"breadcrumb":{"@id":"https:\/\/www.obudainyar.hu\/2022\/tancbemutato-es-tanchaz-a-kincso-neptancegyuttes-musoran\/#breadcrumb"},"inLanguage":"hu","potentialAction":[{"@type":"ReadAction","target":["https:\/\/www.obudainyar.hu\/2022\/tancbemutato-es-tanchaz-a-kincso-neptancegyuttes-musoran\/"]}]},{"@type":"BreadcrumbList","@id":"https:\/\/www.obudainyar.hu\/2022\/tancbemutato-es-tanchaz-a-kincso-neptancegyuttes-musoran\/#breadcrumb","itemListElement":[{"@type":"ListItem","position":1,"name":"Kezd\u0151lap","item":"https:\/\/www.obudainyar.hu\/2022\/"},{"@type":"ListItem","position":2,"name":"T\u00e1ncbemutat\u00f3 \u00e9s t\u00e1nch\u00e1z a Kincs\u0151 N\u00e9pt\u00e1ncegy\u00fcttes m\u0171sor\u00e1n"}]},{"@type":"Person","@id":"https:\/\/www.obudainyar.hu\/2022\/#\/schema\/person\/326f839b262a757711803054eb7f82ed","name":"kontrohrandrea","image":{"@type":"ImageObject","@id":"https:\/\/www.obudainyar.hu\/2022\/#personlogo","inLanguage":"hu","url":"https:\/\/secure.gravatar.com\/avatar\/5180e03a1bd56251a0e983cd1f8e454b?s=96&d=mm&r=g","contentUrl":"https:\/\/secure.gravatar.com\/avatar\/5180e03a1bd56251a0e983cd1f8e454b?s=96&d=mm&r=g","caption":"kontrohrandrea"},"url":"https:\/\/www.obudainyar.hu\/2022\/author\/kontrohrandrea\/"}]}},"_links":{"self":[{"href":"https:\/\/www.obudainyar.hu\/2022\/wp-json\/wp\/v2\/posts\/3295"}],"collection":[{"href":"https:\/\/www.obudainyar.hu\/2022\/wp-json\/wp\/v2\/posts"}],"about":[{"href":"https:\/\/www.obudainyar.hu\/2022\/wp-json\/wp\/v2\/types\/post"}],"author":[{"embeddable":true,"href":"https:\/\/www.obudainyar.hu\/2022\/wp-json\/wp\/v2\/users\/4"}],"replies":[{"embeddable":true,"href":"https:\/\/www.obudainyar.hu\/2022\/wp-json\/wp\/v2\/comments?post=3295"}],"version-history":[{"count":3,"href":"https:\/\/www.obudainyar.hu\/2022\/wp-json\/wp\/v2\/posts\/3295\/revisions"}],"predecessor-version":[{"id":3300,"href":"https:\/\/www.obudainyar.hu\/2022\/wp-json\/wp\/v2\/posts\/3295\/revisions\/3300"}],"wp:featuredmedia":[{"embeddable":true,"href":"https:\/\/www.obudainyar.hu\/2022\/wp-json\/wp\/v2\/media\/3301"}],"wp:attachment":[{"href":"https:\/\/www.obudainyar.hu\/2022\/wp-json\/wp\/v2\/media?parent=3295"}],"wp:term":[{"taxonomy":"category","embeddable":true,"href":"https:\/\/www.obudainyar.hu\/2022\/wp-json\/wp\/v2\/categories?post=3295"},{"taxonomy":"post_tag","embeddable":true,"href":"https:\/\/www.obudainyar.hu\/2022\/wp-json\/wp\/v2\/tags?post=3295"}],"curies":[{"name":"wp","href":"https:\/\/api.w.org\/{rel}","templated":true}]}}