{"id":3312,"date":"2022-08-24T13:00:30","date_gmt":"2022-08-24T11:00:30","guid":{"rendered":"https:\/\/www.obudainyar.hu\/2022\/?p=3312"},"modified":"2022-08-24T13:00:30","modified_gmt":"2022-08-24T11:00:30","slug":"uj-program-a-hekas-bekason-kiraly-viktor-koncert","status":"publish","type":"post","link":"https:\/\/www.obudainyar.hu\/2022\/uj-program-a-hekas-bekason-kiraly-viktor-koncert\/","title":{"rendered":"\u00daj program a H\u00e9k\u00e1s B\u00e9k\u00e1son &#8211; Kir\u00e1ly Viktor koncert"},"content":{"rendered":"<p>Kir\u00e1ly Viktor t\u00f6bbek k\u00f6z\u00f6tt Megaszt\u00e1r gy\u0151zelmet \u00e9s a 2008-as \u00c9v hangja elismer\u00e9st is mag\u00e1\u00e9nak tudhatja. Koncertj\u00e9n felcsend\u00fclnek a tehets\u00e9ges \u00e9nekes legjobb dalai.<br \/>\nHelysz\u00edn: Csob\u00e1nka t\u00e9r, H\u00e9k\u00e1s B\u00e9k\u00e1s Csal\u00e1di Nap<br \/>\nId\u0151pont: 2022. augusztus 27., szombat, 17 \u00f3ra<br \/>\nSzeretettel v\u00e1rjuk \u00d6n\u00f6ket.<\/p>\n","protected":false},"excerpt":{"rendered":"<p>A Bon Bon Zenekar, Tolvai Reni \u00e9s a TNT mellett \u00fajabb szuper fell\u00e9p\u0151vel b\u0151v\u00fclt a H\u00e9k\u00e1s B\u00e9k\u00e1s Csal\u00e1di Nap koncertpalett\u00e1ja, hiszen 17 \u00f3rakor Kir\u00e1ly Viktor nagyszer\u0171 el\u0151ad\u00e1s\u00e1t \u00e9lvezhetik a Csob\u00e1nka t\u00e9rre l\u00e1togat\u00f3k.<\/p>\n","protected":false},"author":4,"featured_media":3306,"comment_status":"open","ping_status":"open","sticky":false,"template":"","format":"standard","meta":[],"categories":[1],"tags":[480,466,478,59,398],"yoast_head":"<!-- This site is optimized with the Yoast SEO plugin v17.5 - https:\/\/yoast.com\/wordpress\/plugins\/seo\/ -->\n<title>\u00daj program a H\u00e9k\u00e1s B\u00e9k\u00e1son - Kir\u00e1ly Viktor koncert - \u00d3budai Ny\u00e1r 2022 | obuda.hu<\/title>\n<meta name=\"robots\" content=\"index, follow, max-snippet:-1, max-image-preview:large, max-video-preview:-1\" \/>\n<link rel=\"canonical\" href=\"https:\/\/www.obudainyar.hu\/2022\/uj-program-a-hekas-bekason-kiraly-viktor-koncert\/\" \/>\n<meta property=\"og:locale\" content=\"hu_HU\" \/>\n<meta property=\"og:type\" content=\"article\" \/>\n<meta property=\"og:title\" content=\"\u00daj program a H\u00e9k\u00e1s B\u00e9k\u00e1son - Kir\u00e1ly Viktor koncert - \u00d3budai Ny\u00e1r 2022 | obuda.hu\" \/>\n<meta property=\"og:description\" content=\"A Bon Bon Zenekar, Tolvai Reni \u00e9s a TNT mellett \u00fajabb szuper fell\u00e9p\u0151vel b\u0151v\u00fclt a H\u00e9k\u00e1s B\u00e9k\u00e1s Csal\u00e1di Nap koncertpalett\u00e1ja, hiszen 17 \u00f3rakor Kir\u00e1ly Viktor nagyszer\u0171 el\u0151ad\u00e1s\u00e1t \u00e9lvezhetik a Csob\u00e1nka t\u00e9rre l\u00e1togat\u00f3k.\" \/>\n<meta property=\"og:url\" content=\"https:\/\/www.obudainyar.hu\/2022\/uj-program-a-hekas-bekason-kiraly-viktor-koncert\/\" \/>\n<meta property=\"og:site_name\" content=\"\u00d3budai Ny\u00e1r 2022 | obuda.hu\" \/>\n<meta property=\"article:published_time\" content=\"2022-08-24T11:00:30+00:00\" \/>\n<meta property=\"og:image\" content=\"https:\/\/www.obudainyar.hu\/2022\/wp-content\/uploads\/2022\/08\/kiraly_viktor_hero-01-1024x576.png\" \/>\n\t<meta property=\"og:image:width\" content=\"1024\" \/>\n\t<meta property=\"og:image:height\" content=\"576\" \/>\n<meta name=\"twitter:card\" content=\"summary_large_image\" \/>\n<meta name=\"twitter:label1\" content=\"Szerz\u0151:\" \/>\n\t<meta name=\"twitter:data1\" content=\"kontrohrandrea\" \/>\n<script type=\"application\/ld+json\" class=\"yoast-schema-graph\">{\"@context\":\"https:\/\/schema.org\",\"@graph\":[{\"@type\":\"WebSite\",\"@id\":\"https:\/\/www.obudainyar.hu\/2022\/#website\",\"url\":\"https:\/\/www.obudainyar.hu\/2022\/\",\"name\":\"\\u00d3budai Ny\\u00e1r 2022 | obuda.hu\",\"description\":\"\",\"potentialAction\":[{\"@type\":\"SearchAction\",\"target\":{\"@type\":\"EntryPoint\",\"urlTemplate\":\"https:\/\/www.obudainyar.hu\/2022\/?s={search_term_string}\"},\"query-input\":\"required name=search_term_string\"}],\"inLanguage\":\"hu\"},{\"@type\":\"ImageObject\",\"@id\":\"https:\/\/www.obudainyar.hu\/2022\/uj-program-a-hekas-bekason-kiraly-viktor-koncert\/#primaryimage\",\"inLanguage\":\"hu\",\"url\":\"https:\/\/www.obudainyar.hu\/2022\/wp-content\/uploads\/2022\/08\/kiraly_viktor_hero-01.png\",\"contentUrl\":\"https:\/\/www.obudainyar.hu\/2022\/wp-content\/uploads\/2022\/08\/kiraly_viktor_hero-01.png\",\"width\":6667,\"height\":3751},{\"@type\":\"WebPage\",\"@id\":\"https:\/\/www.obudainyar.hu\/2022\/uj-program-a-hekas-bekason-kiraly-viktor-koncert\/#webpage\",\"url\":\"https:\/\/www.obudainyar.hu\/2022\/uj-program-a-hekas-bekason-kiraly-viktor-koncert\/\",\"name\":\"\\u00daj program a H\\u00e9k\\u00e1s B\\u00e9k\\u00e1son - Kir\\u00e1ly Viktor koncert - \\u00d3budai Ny\\u00e1r 2022 | obuda.hu\",\"isPartOf\":{\"@id\":\"https:\/\/www.obudainyar.hu\/2022\/#website\"},\"primaryImageOfPage\":{\"@id\":\"https:\/\/www.obudainyar.hu\/2022\/uj-program-a-hekas-bekason-kiraly-viktor-koncert\/#primaryimage\"},\"datePublished\":\"2022-08-24T11:00:30+00:00\",\"dateModified\":\"2022-08-24T11:00:30+00:00\",\"author\":{\"@id\":\"https:\/\/www.obudainyar.hu\/2022\/#\/schema\/person\/326f839b262a757711803054eb7f82ed\"},\"breadcrumb\":{\"@id\":\"https:\/\/www.obudainyar.hu\/2022\/uj-program-a-hekas-bekason-kiraly-viktor-koncert\/#breadcrumb\"},\"inLanguage\":\"hu\",\"potentialAction\":[{\"@type\":\"ReadAction\",\"target\":[\"https:\/\/www.obudainyar.hu\/2022\/uj-program-a-hekas-bekason-kiraly-viktor-koncert\/\"]}]},{\"@type\":\"BreadcrumbList\",\"@id\":\"https:\/\/www.obudainyar.hu\/2022\/uj-program-a-hekas-bekason-kiraly-viktor-koncert\/#breadcrumb\",\"itemListElement\":[{\"@type\":\"ListItem\",\"position\":1,\"name\":\"Kezd\\u0151lap\",\"item\":\"https:\/\/www.obudainyar.hu\/2022\/\"},{\"@type\":\"ListItem\",\"position\":2,\"name\":\"\\u00daj program a H\\u00e9k\\u00e1s B\\u00e9k\\u00e1son &#8211; Kir\\u00e1ly Viktor koncert\"}]},{\"@type\":\"Person\",\"@id\":\"https:\/\/www.obudainyar.hu\/2022\/#\/schema\/person\/326f839b262a757711803054eb7f82ed\",\"name\":\"kontrohrandrea\",\"image\":{\"@type\":\"ImageObject\",\"@id\":\"https:\/\/www.obudainyar.hu\/2022\/#personlogo\",\"inLanguage\":\"hu\",\"url\":\"https:\/\/secure.gravatar.com\/avatar\/5180e03a1bd56251a0e983cd1f8e454b?s=96&d=mm&r=g\",\"contentUrl\":\"https:\/\/secure.gravatar.com\/avatar\/5180e03a1bd56251a0e983cd1f8e454b?s=96&d=mm&r=g\",\"caption\":\"kontrohrandrea\"},\"url\":\"https:\/\/www.obudainyar.hu\/2022\/author\/kontrohrandrea\/\"}]}<\/script>\n<!-- \/ Yoast SEO plugin. -->","yoast_head_json":{"title":"\u00daj program a H\u00e9k\u00e1s B\u00e9k\u00e1son - Kir\u00e1ly Viktor koncert - \u00d3budai Ny\u00e1r 2022 | obuda.hu","robots":{"index":"index","follow":"follow","max-snippet":"max-snippet:-1","max-image-preview":"max-image-preview:large","max-video-preview":"max-video-preview:-1"},"canonical":"https:\/\/www.obudainyar.hu\/2022\/uj-program-a-hekas-bekason-kiraly-viktor-koncert\/","og_locale":"hu_HU","og_type":"article","og_title":"\u00daj program a H\u00e9k\u00e1s B\u00e9k\u00e1son - Kir\u00e1ly Viktor koncert - \u00d3budai Ny\u00e1r 2022 | obuda.hu","og_description":"A Bon Bon Zenekar, Tolvai Reni \u00e9s a TNT mellett \u00fajabb szuper fell\u00e9p\u0151vel b\u0151v\u00fclt a H\u00e9k\u00e1s B\u00e9k\u00e1s Csal\u00e1di Nap koncertpalett\u00e1ja, hiszen 17 \u00f3rakor Kir\u00e1ly Viktor nagyszer\u0171 el\u0151ad\u00e1s\u00e1t \u00e9lvezhetik a Csob\u00e1nka t\u00e9rre l\u00e1togat\u00f3k.","og_url":"https:\/\/www.obudainyar.hu\/2022\/uj-program-a-hekas-bekason-kiraly-viktor-koncert\/","og_site_name":"\u00d3budai Ny\u00e1r 2022 | obuda.hu","article_published_time":"2022-08-24T11:00:30+00:00","og_image":[{"width":1024,"height":576,"url":"https:\/\/www.obudainyar.hu\/2022\/wp-content\/uploads\/2022\/08\/kiraly_viktor_hero-01-1024x576.png","type":"image\/png"}],"twitter_card":"summary_large_image","twitter_misc":{"Szerz\u0151:":"kontrohrandrea"},"schema":{"@context":"https:\/\/schema.org","@graph":[{"@type":"WebSite","@id":"https:\/\/www.obudainyar.hu\/2022\/#website","url":"https:\/\/www.obudainyar.hu\/2022\/","name":"\u00d3budai Ny\u00e1r 2022 | obuda.hu","description":"","potentialAction":[{"@type":"SearchAction","target":{"@type":"EntryPoint","urlTemplate":"https:\/\/www.obudainyar.hu\/2022\/?s={search_term_string}"},"query-input":"required name=search_term_string"}],"inLanguage":"hu"},{"@type":"ImageObject","@id":"https:\/\/www.obudainyar.hu\/2022\/uj-program-a-hekas-bekason-kiraly-viktor-koncert\/#primaryimage","inLanguage":"hu","url":"https:\/\/www.obudainyar.hu\/2022\/wp-content\/uploads\/2022\/08\/kiraly_viktor_hero-01.png","contentUrl":"https:\/\/www.obudainyar.hu\/2022\/wp-content\/uploads\/2022\/08\/kiraly_viktor_hero-01.png","width":6667,"height":3751},{"@type":"WebPage","@id":"https:\/\/www.obudainyar.hu\/2022\/uj-program-a-hekas-bekason-kiraly-viktor-koncert\/#webpage","url":"https:\/\/www.obudainyar.hu\/2022\/uj-program-a-hekas-bekason-kiraly-viktor-koncert\/","name":"\u00daj program a H\u00e9k\u00e1s B\u00e9k\u00e1son - Kir\u00e1ly Viktor koncert - \u00d3budai Ny\u00e1r 2022 | obuda.hu","isPartOf":{"@id":"https:\/\/www.obudainyar.hu\/2022\/#website"},"primaryImageOfPage":{"@id":"https:\/\/www.obudainyar.hu\/2022\/uj-program-a-hekas-bekason-kiraly-viktor-koncert\/#primaryimage"},"datePublished":"2022-08-24T11:00:30+00:00","dateModified":"2022-08-24T11:00:30+00:00","author":{"@id":"https:\/\/www.obudainyar.hu\/2022\/#\/schema\/person\/326f839b262a757711803054eb7f82ed"},"breadcrumb":{"@id":"https:\/\/www.obudainyar.hu\/2022\/uj-program-a-hekas-bekason-kiraly-viktor-koncert\/#breadcrumb"},"inLanguage":"hu","potentialAction":[{"@type":"ReadAction","target":["https:\/\/www.obudainyar.hu\/2022\/uj-program-a-hekas-bekason-kiraly-viktor-koncert\/"]}]},{"@type":"BreadcrumbList","@id":"https:\/\/www.obudainyar.hu\/2022\/uj-program-a-hekas-bekason-kiraly-viktor-koncert\/#breadcrumb","itemListElement":[{"@type":"ListItem","position":1,"name":"Kezd\u0151lap","item":"https:\/\/www.obudainyar.hu\/2022\/"},{"@type":"ListItem","position":2,"name":"\u00daj program a H\u00e9k\u00e1s B\u00e9k\u00e1son &#8211; Kir\u00e1ly Viktor koncert"}]},{"@type":"Person","@id":"https:\/\/www.obudainyar.hu\/2022\/#\/schema\/person\/326f839b262a757711803054eb7f82ed","name":"kontrohrandrea","image":{"@type":"ImageObject","@id":"https:\/\/www.obudainyar.hu\/2022\/#personlogo","inLanguage":"hu","url":"https:\/\/secure.gravatar.com\/avatar\/5180e03a1bd56251a0e983cd1f8e454b?s=96&d=mm&r=g","contentUrl":"https:\/\/secure.gravatar.com\/avatar\/5180e03a1bd56251a0e983cd1f8e454b?s=96&d=mm&r=g","caption":"kontrohrandrea"},"url":"https:\/\/www.obudainyar.hu\/2022\/author\/kontrohrandrea\/"}]}},"_links":{"self":[{"href":"https:\/\/www.obudainyar.hu\/2022\/wp-json\/wp\/v2\/posts\/3312"}],"collection":[{"href":"https:\/\/www.obudainyar.hu\/2022\/wp-json\/wp\/v2\/posts"}],"about":[{"href":"https:\/\/www.obudainyar.hu\/2022\/wp-json\/wp\/v2\/types\/post"}],"author":[{"embeddable":true,"href":"https:\/\/www.obudainyar.hu\/2022\/wp-json\/wp\/v2\/users\/4"}],"replies":[{"embeddable":true,"href":"https:\/\/www.obudainyar.hu\/2022\/wp-json\/wp\/v2\/comments?post=3312"}],"version-history":[{"count":2,"href":"https:\/\/www.obudainyar.hu\/2022\/wp-json\/wp\/v2\/posts\/3312\/revisions"}],"predecessor-version":[{"id":3318,"href":"https:\/\/www.obudainyar.hu\/2022\/wp-json\/wp\/v2\/posts\/3312\/revisions\/3318"}],"wp:featuredmedia":[{"embeddable":true,"href":"https:\/\/www.obudainyar.hu\/2022\/wp-json\/wp\/v2\/media\/3306"}],"wp:attachment":[{"href":"https:\/\/www.obudainyar.hu\/2022\/wp-json\/wp\/v2\/media?parent=3312"}],"wp:term":[{"taxonomy":"category","embeddable":true,"href":"https:\/\/www.obudainyar.hu\/2022\/wp-json\/wp\/v2\/categories?post=3312"},{"taxonomy":"post_tag","embeddable":true,"href":"https:\/\/www.obudainyar.hu\/2022\/wp-json\/wp\/v2\/tags?post=3312"}],"curies":[{"name":"wp","href":"https:\/\/api.w.org\/{rel}","templated":true}]}}