{"id":3322,"date":"2022-08-29T16:56:10","date_gmt":"2022-08-29T14:56:10","guid":{"rendered":"https:\/\/www.obudainyar.hu\/2022\/?p=3322"},"modified":"2022-09-13T10:03:54","modified_gmt":"2022-09-13T08:03:54","slug":"meg-nincs-vege-a-nyarnak-jon-a-csillaghegyi-utcabal","status":"publish","type":"post","link":"https:\/\/www.obudainyar.hu\/2022\/meg-nincs-vege-a-nyarnak-jon-a-csillaghegyi-utcabal\/","title":{"rendered":"M\u00e9g nincs v\u00e9ge a ny\u00e1rnak &#8211; J\u00f6n a Csillaghegyi utcab\u00e1l!"},"content":{"rendered":"<p>Vid\u00e1ms\u00e1ggal, j\u00f3 hangulattal, izgalommal telik meg a M\u00e1ty\u00e1s kir\u00e1ly \u00fat szeptember 17-\u00e9n, szombaton 10.00 \u00e9s 21.00 \u00f3ra k\u00f6z\u00f6tt. Igazi ny\u00e1rb\u00facs\u00faztat\u00f3 utcab\u00e1lra k\u00e9sz\u00fcl\u00fcnk, amelyen gazdag gyerekprogramokat, remek koncerteket, k\u00e9zm\u0171ves kirakod\u00f3v\u00e1s\u00e1rt \u00e9s sok-sok finoms\u00e1gok k\u00edn\u00e1lunk \u00d6n\u00f6knek.<\/p>\n<p><strong>Az esem\u00e9ny h\u00e1zigazd\u00e1ja:<\/strong> Hars\u00e1nyi Levente<\/p>\n<p>&nbsp;<\/p>\n<p><strong>R\u00e9szletes program:<\/strong><\/p>\n<p>10:00 \u00f3ra\u00a0\u00a0\u00a0\u00a0 \u00a0\u00a0 Bubor\u00e9k Zenekar<\/p>\n<p>11:30 \u00f3ra\u00a0\u00a0\u00a0\u00a0 \u00a0\u00a0 Iszkiri Zenekar<\/p>\n<p>12:30 \u00f3ra\u00a0\u00a0\u00a0\u00a0\u00a0\u00a0\u00a0 Mosolygar\u00e1zs aerobicgyermekt\u00e1nc-m\u0171sor<\/p>\n<p>12:35 \u00f3ra\u00a0\u00a0\u00a0\u00a0\u00a0\u00a0\u00a0 Csillaghegy tort\u00e1ja a Cserfalvi Cukr\u00e1szda \u00e9s \u00d3buda-B\u00e9k\u00e1smegyer \u00d6nkorm\u00e1nyzat j\u00f3volt\u00e1b\u00f3l<\/p>\n<p>13:30 \u00f3ra\u00a0\u00a0\u00a0\u00a0\u00a0\u00a0\u00a0 Lelkes Zenekar \u2013 n\u00e9pi t\u00e1ncj\u00e1t\u00e9kok<\/p>\n<p>14:30 \u00f3ra\u00a0\u00a0\u00a0 \u00a0\u00a0\u00a0 G\u00f6r\u00f6g n\u00e9pt\u00e1ncegy\u00fcttes<\/p>\n<p>15:00 \u00f3ra\u00a0\u00a0\u00a0\u00a0\u00a0\u00a0\u00a0 Karaoke<\/p>\n<p>16:00 \u00f3ra \u00a0\u00a0\u00a0\u00a0\u00a0\u00a0 Irigy H\u00f3naljmirigy<\/p>\n<p>17:00 \u00f3ra \u00a0\u00a0\u00a0\u00a0\u00a0\u00a0 Nemcsak Berry Zenekar<\/p>\n<p>18:00 \u00f3ra\u00a0\u00a0\u00a0\u00a0\u00a0\u00a0\u00a0 Piroch G\u00e1bor kaszkad\u0151r<\/p>\n<p>18:30 \u00f3ra \u00a0\u00a0\u00a0\u00a0\u00a0\u00a0 Weisz Viktor-koncert<\/p>\n<p>20:00 \u00f3ra\u00a0\u00a0\u00a0\u00a0\u00a0\u00a0 IceCream Zenekar<\/p>\n<p>&nbsp;<\/p>\n<p>A kicsiknek a Csillaghegyi K\u00f6z\u00f6ss\u00e9gi H\u00e1zban v\u00e1ltozatos gyerekprogramokkal kedvesked\u00fcnk, a feln\u0151ttek pedig a k\u00f6z\u00f6ss\u00e9gi h\u00e1z udvar\u00e1n 10.00 \u00e9s 14.00 \u00f3ra k\u00f6z\u00f6tt f\u0151z\u0151versenyen is kipr\u00f3b\u00e1lhatj\u00e1k magukat.<\/p>\n<p>Ne feledj\u00e9k: csillaghegyi utcab\u00e1l szeptember 17-\u00e9n a M\u00e1ty\u00e1s kir\u00e1ly \u00faton. Szeretettel v\u00e1rjuk \u00d6n\u00f6ket!<\/p>\n<p data-pm-slice=\"1 1 []\"><em>Az utcab\u00e1l szervez\u00e9s\u00e9ben ny\u00fajtott seg\u00edts\u00e9g\u00e9rt k\u00f6sz\u00f6net K\u0151szegi Attil\u00e1nak \u00e9s Debreczeny Istv\u00e1nnak.<\/em><\/p>\n<p><em>\u00a0<\/em><em>A programv\u00e1ltoztat\u00e1s jog\u00e1t fenntartjuk.<\/em><\/p>\n<p><img decoding=\"async\" loading=\"lazy\" class=\"alignnone size-medium wp-image-3330\" src=\"https:\/\/www.obudainyar.hu\/2022\/wp-content\/uploads\/2022\/08\/nemcsakberry-300x300.jpg\" alt=\"\" width=\"300\" height=\"300\" srcset=\"https:\/\/www.obudainyar.hu\/2022\/wp-content\/uploads\/2022\/08\/nemcsakberry-300x300.jpg 300w, https:\/\/www.obudainyar.hu\/2022\/wp-content\/uploads\/2022\/08\/nemcsakberry-150x150.jpg 150w, https:\/\/www.obudainyar.hu\/2022\/wp-content\/uploads\/2022\/08\/nemcsakberry.jpg 460w\" sizes=\"(max-width: 300px) 100vw, 300px\" \/> <img decoding=\"async\" loading=\"lazy\" class=\"alignnone size-medium wp-image-3328\" src=\"https:\/\/www.obudainyar.hu\/2022\/wp-content\/uploads\/2022\/08\/icecream-200x300.jpg\" alt=\"\" width=\"200\" height=\"300\" srcset=\"https:\/\/www.obudainyar.hu\/2022\/wp-content\/uploads\/2022\/08\/icecream-200x300.jpg 200w, https:\/\/www.obudainyar.hu\/2022\/wp-content\/uploads\/2022\/08\/icecream-683x1024.jpg 683w, https:\/\/www.obudainyar.hu\/2022\/wp-content\/uploads\/2022\/08\/icecream-768x1152.jpg 768w, https:\/\/www.obudainyar.hu\/2022\/wp-content\/uploads\/2022\/08\/icecream-1024x1536.jpg 1024w, https:\/\/www.obudainyar.hu\/2022\/wp-content\/uploads\/2022\/08\/icecream.jpg 1365w\" sizes=\"(max-width: 200px) 100vw, 200px\" \/> <img decoding=\"async\" loading=\"lazy\" class=\"alignnone size-medium wp-image-3327\" src=\"https:\/\/www.obudainyar.hu\/2022\/wp-content\/uploads\/2022\/08\/Hl2-240x300.jpg\" alt=\"\" width=\"240\" height=\"300\" srcset=\"https:\/\/www.obudainyar.hu\/2022\/wp-content\/uploads\/2022\/08\/Hl2-240x300.jpg 240w, https:\/\/www.obudainyar.hu\/2022\/wp-content\/uploads\/2022\/08\/Hl2-819x1024.jpg 819w, https:\/\/www.obudainyar.hu\/2022\/wp-content\/uploads\/2022\/08\/Hl2-768x960.jpg 768w, https:\/\/www.obudainyar.hu\/2022\/wp-content\/uploads\/2022\/08\/Hl2-1229x1536.jpg 1229w, https:\/\/www.obudainyar.hu\/2022\/wp-content\/uploads\/2022\/08\/Hl2-1638x2048.jpg 1638w, https:\/\/www.obudainyar.hu\/2022\/wp-content\/uploads\/2022\/08\/Hl2-scaled.jpg 2048w\" sizes=\"(max-width: 240px) 100vw, 240px\" \/> <img decoding=\"async\" loading=\"lazy\" class=\"alignnone size-medium wp-image-3326\" src=\"https:\/\/www.obudainyar.hu\/2022\/wp-content\/uploads\/2022\/08\/WeiszViktor-200x300.jpg\" alt=\"\" width=\"200\" height=\"300\" srcset=\"https:\/\/www.obudainyar.hu\/2022\/wp-content\/uploads\/2022\/08\/WeiszViktor-200x300.jpg 200w, https:\/\/www.obudainyar.hu\/2022\/wp-content\/uploads\/2022\/08\/WeiszViktor.jpg 500w\" sizes=\"(max-width: 200px) 100vw, 200px\" \/><img decoding=\"async\" loading=\"lazy\" class=\"alignnone size-medium wp-image-3329\" src=\"https:\/\/www.obudainyar.hu\/2022\/wp-content\/uploads\/2022\/08\/Irigy-Honaljmirigy-300x225.jpg\" alt=\"\" width=\"300\" height=\"225\" srcset=\"https:\/\/www.obudainyar.hu\/2022\/wp-content\/uploads\/2022\/08\/Irigy-Honaljmirigy-300x225.jpg 300w, https:\/\/www.obudainyar.hu\/2022\/wp-content\/uploads\/2022\/08\/Irigy-Honaljmirigy-1024x768.jpg 1024w, https:\/\/www.obudainyar.hu\/2022\/wp-content\/uploads\/2022\/08\/Irigy-Honaljmirigy-768x576.jpg 768w, https:\/\/www.obudainyar.hu\/2022\/wp-content\/uploads\/2022\/08\/Irigy-Honaljmirigy.jpg 1440w\" sizes=\"(max-width: 300px) 100vw, 300px\" \/><\/p>\n<p><em>\u00a0<\/em><\/p>\n","protected":false},"excerpt":{"rendered":"<p>A csillag\u00e1szati ny\u00e1r szeptember 23-\u00e1ig tart, ez\u00e9t \u00fagy gondoltuk mi\u00e9rt is ne tolhatn\u00e1nk ki az \u00d3budai Ny\u00e1r rendezv\u00e9nyeit szeptember k\u00f6zep\u00e9ig. Ez\u00fattal Csillaghegyen k\u00e9sz\u00fcl\u00fcnk szuper programmal, v\u00e1s\u00e1rral, l\u00e1tv\u00e1nyoss\u00e1gokkal \u00e9s term\u00e9szetesen koncertekkel. M\u00e1r most jegyezz\u00e9k fel: szeptember 17., szombat 10.00 \u00e9s 21.00 \u00f3ra k\u00f6z\u00f6tt, Csillaghegyi utcab\u00e1l a M\u00e1ty\u00e1s kir\u00e1ly \u00faton. <\/p>\n","protected":false},"author":4,"featured_media":3331,"comment_status":"open","ping_status":"open","sticky":false,"template":"","format":"standard","meta":[],"categories":[1],"tags":[481,482,485,484,483,486,398,487],"yoast_head":"<!-- This site is optimized with the Yoast SEO plugin v17.5 - https:\/\/yoast.com\/wordpress\/plugins\/seo\/ -->\n<title>M\u00e9g nincs v\u00e9ge a ny\u00e1rnak - J\u00f6n a Csillaghegyi utcab\u00e1l! - \u00d3budai Ny\u00e1r 2022 | obuda.hu<\/title>\n<meta name=\"robots\" content=\"index, follow, max-snippet:-1, max-image-preview:large, max-video-preview:-1\" \/>\n<link rel=\"canonical\" href=\"https:\/\/www.obudainyar.hu\/2022\/meg-nincs-vege-a-nyarnak-jon-a-csillaghegyi-utcabal\/\" \/>\n<meta property=\"og:locale\" content=\"hu_HU\" \/>\n<meta property=\"og:type\" content=\"article\" \/>\n<meta property=\"og:title\" content=\"M\u00e9g nincs v\u00e9ge a ny\u00e1rnak - J\u00f6n a Csillaghegyi utcab\u00e1l! - \u00d3budai Ny\u00e1r 2022 | obuda.hu\" \/>\n<meta property=\"og:description\" content=\"A csillag\u00e1szati ny\u00e1r szeptember 23-\u00e1ig tart, ez\u00e9t \u00fagy gondoltuk mi\u00e9rt is ne tolhatn\u00e1nk ki az \u00d3budai Ny\u00e1r rendezv\u00e9nyeit szeptember k\u00f6zep\u00e9ig. Ez\u00fattal Csillaghegyen k\u00e9sz\u00fcl\u00fcnk szuper programmal, v\u00e1s\u00e1rral, l\u00e1tv\u00e1nyoss\u00e1gokkal \u00e9s term\u00e9szetesen koncertekkel. M\u00e1r most jegyezz\u00e9k fel: szeptember 17., szombat 10.00 \u00e9s 21.00 \u00f3ra k\u00f6z\u00f6tt, Csillaghegyi utcab\u00e1l a M\u00e1ty\u00e1s kir\u00e1ly \u00faton.\" \/>\n<meta property=\"og:url\" content=\"https:\/\/www.obudainyar.hu\/2022\/meg-nincs-vege-a-nyarnak-jon-a-csillaghegyi-utcabal\/\" \/>\n<meta property=\"og:site_name\" content=\"\u00d3budai Ny\u00e1r 2022 | obuda.hu\" \/>\n<meta property=\"article:published_time\" content=\"2022-08-29T14:56:10+00:00\" \/>\n<meta property=\"article:modified_time\" content=\"2022-09-13T08:03:54+00:00\" \/>\n<meta property=\"og:image\" content=\"https:\/\/www.obudainyar.hu\/2022\/wp-content\/uploads\/2022\/08\/csillaghegy.png\" \/>\n\t<meta property=\"og:image:width\" content=\"1063\" \/>\n\t<meta property=\"og:image:height\" content=\"748\" \/>\n<meta name=\"twitter:card\" content=\"summary_large_image\" \/>\n<meta name=\"twitter:label1\" content=\"Szerz\u0151:\" \/>\n\t<meta name=\"twitter:data1\" content=\"kontrohrandrea\" \/>\n\t<meta name=\"twitter:label2\" content=\"Becs\u00fclt olvas\u00e1si id\u0151\" \/>\n\t<meta name=\"twitter:data2\" content=\"2 perc\" \/>\n<script type=\"application\/ld+json\" class=\"yoast-schema-graph\">{\"@context\":\"https:\/\/schema.org\",\"@graph\":[{\"@type\":\"WebSite\",\"@id\":\"https:\/\/www.obudainyar.hu\/2022\/#website\",\"url\":\"https:\/\/www.obudainyar.hu\/2022\/\",\"name\":\"\\u00d3budai Ny\\u00e1r 2022 | obuda.hu\",\"description\":\"\",\"potentialAction\":[{\"@type\":\"SearchAction\",\"target\":{\"@type\":\"EntryPoint\",\"urlTemplate\":\"https:\/\/www.obudainyar.hu\/2022\/?s={search_term_string}\"},\"query-input\":\"required name=search_term_string\"}],\"inLanguage\":\"hu\"},{\"@type\":\"ImageObject\",\"@id\":\"https:\/\/www.obudainyar.hu\/2022\/meg-nincs-vege-a-nyarnak-jon-a-csillaghegyi-utcabal\/#primaryimage\",\"inLanguage\":\"hu\",\"url\":\"https:\/\/www.obudainyar.hu\/2022\/wp-content\/uploads\/2022\/08\/csillaghegy.png\",\"contentUrl\":\"https:\/\/www.obudainyar.hu\/2022\/wp-content\/uploads\/2022\/08\/csillaghegy.png\",\"width\":1063,\"height\":748},{\"@type\":\"WebPage\",\"@id\":\"https:\/\/www.obudainyar.hu\/2022\/meg-nincs-vege-a-nyarnak-jon-a-csillaghegyi-utcabal\/#webpage\",\"url\":\"https:\/\/www.obudainyar.hu\/2022\/meg-nincs-vege-a-nyarnak-jon-a-csillaghegyi-utcabal\/\",\"name\":\"M\\u00e9g nincs v\\u00e9ge a ny\\u00e1rnak - J\\u00f6n a Csillaghegyi utcab\\u00e1l! - \\u00d3budai Ny\\u00e1r 2022 | obuda.hu\",\"isPartOf\":{\"@id\":\"https:\/\/www.obudainyar.hu\/2022\/#website\"},\"primaryImageOfPage\":{\"@id\":\"https:\/\/www.obudainyar.hu\/2022\/meg-nincs-vege-a-nyarnak-jon-a-csillaghegyi-utcabal\/#primaryimage\"},\"datePublished\":\"2022-08-29T14:56:10+00:00\",\"dateModified\":\"2022-09-13T08:03:54+00:00\",\"author\":{\"@id\":\"https:\/\/www.obudainyar.hu\/2022\/#\/schema\/person\/326f839b262a757711803054eb7f82ed\"},\"breadcrumb\":{\"@id\":\"https:\/\/www.obudainyar.hu\/2022\/meg-nincs-vege-a-nyarnak-jon-a-csillaghegyi-utcabal\/#breadcrumb\"},\"inLanguage\":\"hu\",\"potentialAction\":[{\"@type\":\"ReadAction\",\"target\":[\"https:\/\/www.obudainyar.hu\/2022\/meg-nincs-vege-a-nyarnak-jon-a-csillaghegyi-utcabal\/\"]}]},{\"@type\":\"BreadcrumbList\",\"@id\":\"https:\/\/www.obudainyar.hu\/2022\/meg-nincs-vege-a-nyarnak-jon-a-csillaghegyi-utcabal\/#breadcrumb\",\"itemListElement\":[{\"@type\":\"ListItem\",\"position\":1,\"name\":\"Kezd\\u0151lap\",\"item\":\"https:\/\/www.obudainyar.hu\/2022\/\"},{\"@type\":\"ListItem\",\"position\":2,\"name\":\"M\\u00e9g nincs v\\u00e9ge a ny\\u00e1rnak &#8211; J\\u00f6n a Csillaghegyi utcab\\u00e1l!\"}]},{\"@type\":\"Person\",\"@id\":\"https:\/\/www.obudainyar.hu\/2022\/#\/schema\/person\/326f839b262a757711803054eb7f82ed\",\"name\":\"kontrohrandrea\",\"image\":{\"@type\":\"ImageObject\",\"@id\":\"https:\/\/www.obudainyar.hu\/2022\/#personlogo\",\"inLanguage\":\"hu\",\"url\":\"https:\/\/secure.gravatar.com\/avatar\/5180e03a1bd56251a0e983cd1f8e454b?s=96&d=mm&r=g\",\"contentUrl\":\"https:\/\/secure.gravatar.com\/avatar\/5180e03a1bd56251a0e983cd1f8e454b?s=96&d=mm&r=g\",\"caption\":\"kontrohrandrea\"},\"url\":\"https:\/\/www.obudainyar.hu\/2022\/author\/kontrohrandrea\/\"}]}<\/script>\n<!-- \/ Yoast SEO plugin. -->","yoast_head_json":{"title":"M\u00e9g nincs v\u00e9ge a ny\u00e1rnak - J\u00f6n a Csillaghegyi utcab\u00e1l! - \u00d3budai Ny\u00e1r 2022 | obuda.hu","robots":{"index":"index","follow":"follow","max-snippet":"max-snippet:-1","max-image-preview":"max-image-preview:large","max-video-preview":"max-video-preview:-1"},"canonical":"https:\/\/www.obudainyar.hu\/2022\/meg-nincs-vege-a-nyarnak-jon-a-csillaghegyi-utcabal\/","og_locale":"hu_HU","og_type":"article","og_title":"M\u00e9g nincs v\u00e9ge a ny\u00e1rnak - J\u00f6n a Csillaghegyi utcab\u00e1l! - \u00d3budai Ny\u00e1r 2022 | obuda.hu","og_description":"A csillag\u00e1szati ny\u00e1r szeptember 23-\u00e1ig tart, ez\u00e9t \u00fagy gondoltuk mi\u00e9rt is ne tolhatn\u00e1nk ki az \u00d3budai Ny\u00e1r rendezv\u00e9nyeit szeptember k\u00f6zep\u00e9ig. Ez\u00fattal Csillaghegyen k\u00e9sz\u00fcl\u00fcnk szuper programmal, v\u00e1s\u00e1rral, l\u00e1tv\u00e1nyoss\u00e1gokkal \u00e9s term\u00e9szetesen koncertekkel. M\u00e1r most jegyezz\u00e9k fel: szeptember 17., szombat 10.00 \u00e9s 21.00 \u00f3ra k\u00f6z\u00f6tt, Csillaghegyi utcab\u00e1l a M\u00e1ty\u00e1s kir\u00e1ly \u00faton.","og_url":"https:\/\/www.obudainyar.hu\/2022\/meg-nincs-vege-a-nyarnak-jon-a-csillaghegyi-utcabal\/","og_site_name":"\u00d3budai Ny\u00e1r 2022 | obuda.hu","article_published_time":"2022-08-29T14:56:10+00:00","article_modified_time":"2022-09-13T08:03:54+00:00","og_image":[{"width":1063,"height":748,"url":"https:\/\/www.obudainyar.hu\/2022\/wp-content\/uploads\/2022\/08\/csillaghegy.png","type":"image\/png"}],"twitter_card":"summary_large_image","twitter_misc":{"Szerz\u0151:":"kontrohrandrea","Becs\u00fclt olvas\u00e1si id\u0151":"2 perc"},"schema":{"@context":"https:\/\/schema.org","@graph":[{"@type":"WebSite","@id":"https:\/\/www.obudainyar.hu\/2022\/#website","url":"https:\/\/www.obudainyar.hu\/2022\/","name":"\u00d3budai Ny\u00e1r 2022 | obuda.hu","description":"","potentialAction":[{"@type":"SearchAction","target":{"@type":"EntryPoint","urlTemplate":"https:\/\/www.obudainyar.hu\/2022\/?s={search_term_string}"},"query-input":"required name=search_term_string"}],"inLanguage":"hu"},{"@type":"ImageObject","@id":"https:\/\/www.obudainyar.hu\/2022\/meg-nincs-vege-a-nyarnak-jon-a-csillaghegyi-utcabal\/#primaryimage","inLanguage":"hu","url":"https:\/\/www.obudainyar.hu\/2022\/wp-content\/uploads\/2022\/08\/csillaghegy.png","contentUrl":"https:\/\/www.obudainyar.hu\/2022\/wp-content\/uploads\/2022\/08\/csillaghegy.png","width":1063,"height":748},{"@type":"WebPage","@id":"https:\/\/www.obudainyar.hu\/2022\/meg-nincs-vege-a-nyarnak-jon-a-csillaghegyi-utcabal\/#webpage","url":"https:\/\/www.obudainyar.hu\/2022\/meg-nincs-vege-a-nyarnak-jon-a-csillaghegyi-utcabal\/","name":"M\u00e9g nincs v\u00e9ge a ny\u00e1rnak - J\u00f6n a Csillaghegyi utcab\u00e1l! - \u00d3budai Ny\u00e1r 2022 | obuda.hu","isPartOf":{"@id":"https:\/\/www.obudainyar.hu\/2022\/#website"},"primaryImageOfPage":{"@id":"https:\/\/www.obudainyar.hu\/2022\/meg-nincs-vege-a-nyarnak-jon-a-csillaghegyi-utcabal\/#primaryimage"},"datePublished":"2022-08-29T14:56:10+00:00","dateModified":"2022-09-13T08:03:54+00:00","author":{"@id":"https:\/\/www.obudainyar.hu\/2022\/#\/schema\/person\/326f839b262a757711803054eb7f82ed"},"breadcrumb":{"@id":"https:\/\/www.obudainyar.hu\/2022\/meg-nincs-vege-a-nyarnak-jon-a-csillaghegyi-utcabal\/#breadcrumb"},"inLanguage":"hu","potentialAction":[{"@type":"ReadAction","target":["https:\/\/www.obudainyar.hu\/2022\/meg-nincs-vege-a-nyarnak-jon-a-csillaghegyi-utcabal\/"]}]},{"@type":"BreadcrumbList","@id":"https:\/\/www.obudainyar.hu\/2022\/meg-nincs-vege-a-nyarnak-jon-a-csillaghegyi-utcabal\/#breadcrumb","itemListElement":[{"@type":"ListItem","position":1,"name":"Kezd\u0151lap","item":"https:\/\/www.obudainyar.hu\/2022\/"},{"@type":"ListItem","position":2,"name":"M\u00e9g nincs v\u00e9ge a ny\u00e1rnak &#8211; J\u00f6n a Csillaghegyi utcab\u00e1l!"}]},{"@type":"Person","@id":"https:\/\/www.obudainyar.hu\/2022\/#\/schema\/person\/326f839b262a757711803054eb7f82ed","name":"kontrohrandrea","image":{"@type":"ImageObject","@id":"https:\/\/www.obudainyar.hu\/2022\/#personlogo","inLanguage":"hu","url":"https:\/\/secure.gravatar.com\/avatar\/5180e03a1bd56251a0e983cd1f8e454b?s=96&d=mm&r=g","contentUrl":"https:\/\/secure.gravatar.com\/avatar\/5180e03a1bd56251a0e983cd1f8e454b?s=96&d=mm&r=g","caption":"kontrohrandrea"},"url":"https:\/\/www.obudainyar.hu\/2022\/author\/kontrohrandrea\/"}]}},"_links":{"self":[{"href":"https:\/\/www.obudainyar.hu\/2022\/wp-json\/wp\/v2\/posts\/3322"}],"collection":[{"href":"https:\/\/www.obudainyar.hu\/2022\/wp-json\/wp\/v2\/posts"}],"about":[{"href":"https:\/\/www.obudainyar.hu\/2022\/wp-json\/wp\/v2\/types\/post"}],"author":[{"embeddable":true,"href":"https:\/\/www.obudainyar.hu\/2022\/wp-json\/wp\/v2\/users\/4"}],"replies":[{"embeddable":true,"href":"https:\/\/www.obudainyar.hu\/2022\/wp-json\/wp\/v2\/comments?post=3322"}],"version-history":[{"count":14,"href":"https:\/\/www.obudainyar.hu\/2022\/wp-json\/wp\/v2\/posts\/3322\/revisions"}],"predecessor-version":[{"id":3381,"href":"https:\/\/www.obudainyar.hu\/2022\/wp-json\/wp\/v2\/posts\/3322\/revisions\/3381"}],"wp:featuredmedia":[{"embeddable":true,"href":"https:\/\/www.obudainyar.hu\/2022\/wp-json\/wp\/v2\/media\/3331"}],"wp:attachment":[{"href":"https:\/\/www.obudainyar.hu\/2022\/wp-json\/wp\/v2\/media?parent=3322"}],"wp:term":[{"taxonomy":"category","embeddable":true,"href":"https:\/\/www.obudainyar.hu\/2022\/wp-json\/wp\/v2\/categories?post=3322"},{"taxonomy":"post_tag","embeddable":true,"href":"https:\/\/www.obudainyar.hu\/2022\/wp-json\/wp\/v2\/tags?post=3322"}],"curies":[{"name":"wp","href":"https:\/\/api.w.org\/{rel}","templated":true}]}}