{"id":3337,"date":"2022-08-31T12:24:19","date_gmt":"2022-08-31T10:24:19","guid":{"rendered":"https:\/\/www.obudainyar.hu\/2022\/?p=3337"},"modified":"2022-08-31T12:24:19","modified_gmt":"2022-08-31T10:24:19","slug":"fantasztikus-bulival-zartuk-az-augusztust-ilyen-volt-a-hekas-bekas-csaladi-nap","status":"publish","type":"post","link":"https:\/\/www.obudainyar.hu\/2022\/fantasztikus-bulival-zartuk-az-augusztust-ilyen-volt-a-hekas-bekas-csaladi-nap\/","title":{"rendered":"Fantasztikus bulival z\u00e1rtuk az augusztust \u2013 Ilyen volt a H\u00e9k\u00e1s B\u00e9k\u00e1s Csal\u00e1di Nap"},"content":{"rendered":"<p>A rendezv\u00e9nyen k\u00e9sz\u00fclt k\u00e9pek \u00e9s vide\u00f3 is arr\u00f3l tan\u00faskodnak, a H\u00e9k\u00e1s B\u00e9k\u00e1s val\u00f3ban a csal\u00e1dok napja volt, kicsik \u00e9s nagyok, fiatalok \u00e9s \u00f6r\u00f6k fiatalok egyar\u00e1nt j\u00f3l \u00e9rezt\u00e9k magukat!<\/p>\n<p>K\u00f6sz\u00f6nj\u00fck mindenkinek, aki vel\u00fcnk tartott, hogy egy\u00fctt t\u00f6lthett\u00fck ezt a csod\u00e1latos napot B\u00e9k\u00e1smegyeren, a Csob\u00e1nka t\u00e9ren, a H\u00e9k\u00e1s B\u00e9k\u00e1s Csal\u00e1di Napon! K\u00f6sz\u00f6nj\u00fck a k\u00f6zrem\u0171k\u00f6d\u0151knek a szuper el\u0151ad\u00e1sokat, programokat \u00e9s koncerteket!<\/p>\n<p>Rem\u00e9lj\u00fck hamarosan \u00fajra tal\u00e1lkozunk!<\/p>\n<div style=\"width: 800px;\" class=\"wp-video\"><!--[if lt IE 9]><script>document.createElement('video');<\/script><![endif]-->\n<video class=\"wp-video-shortcode\" id=\"video-3337-1\" width=\"800\" height=\"450\" preload=\"metadata\" controls=\"controls\"><source type=\"video\/mp4\" src=\"https:\/\/www.obudainyar.hu\/2022\/wp-content\/uploads\/2022\/08\/hekasbekas_logos.mp4?_=1\" \/><a href=\"https:\/\/www.obudainyar.hu\/2022\/wp-content\/uploads\/2022\/08\/hekasbekas_logos.mp4\">https:\/\/www.obudainyar.hu\/2022\/wp-content\/uploads\/2022\/08\/hekasbekas_logos.mp4<\/a><\/video><\/div>\n<p>&nbsp;<\/p>\n<p><img decoding=\"async\" loading=\"lazy\" class=\"alignnone wp-image-3353 size-large\" src=\"https:\/\/www.obudainyar.hu\/2022\/wp-content\/uploads\/2022\/08\/pm-1024x683.jpg\" alt=\"\" width=\"800\" height=\"534\" srcset=\"https:\/\/www.obudainyar.hu\/2022\/wp-content\/uploads\/2022\/08\/pm-1024x683.jpg 1024w, https:\/\/www.obudainyar.hu\/2022\/wp-content\/uploads\/2022\/08\/pm-300x200.jpg 300w, https:\/\/www.obudainyar.hu\/2022\/wp-content\/uploads\/2022\/08\/pm-768x512.jpg 768w, https:\/\/www.obudainyar.hu\/2022\/wp-content\/uploads\/2022\/08\/pm-1536x1024.jpg 1536w, https:\/\/www.obudainyar.hu\/2022\/wp-content\/uploads\/2022\/08\/pm-2048x1366.jpg 2048w\" sizes=\"(max-width: 800px) 100vw, 800px\" \/><\/p>\n<p><img decoding=\"async\" loading=\"lazy\" class=\"alignnone wp-image-3344 size-large\" src=\"https:\/\/www.obudainyar.hu\/2022\/wp-content\/uploads\/2022\/08\/gyerekmusor-1024x683.jpg\" alt=\"\" width=\"800\" height=\"534\" srcset=\"https:\/\/www.obudainyar.hu\/2022\/wp-content\/uploads\/2022\/08\/gyerekmusor-1024x683.jpg 1024w, https:\/\/www.obudainyar.hu\/2022\/wp-content\/uploads\/2022\/08\/gyerekmusor-300x200.jpg 300w, https:\/\/www.obudainyar.hu\/2022\/wp-content\/uploads\/2022\/08\/gyerekmusor-768x512.jpg 768w, https:\/\/www.obudainyar.hu\/2022\/wp-content\/uploads\/2022\/08\/gyerekmusor-1536x1024.jpg 1536w, https:\/\/www.obudainyar.hu\/2022\/wp-content\/uploads\/2022\/08\/gyerekmusor-2048x1366.jpg 2048w\" sizes=\"(max-width: 800px) 100vw, 800px\" \/><\/p>\n<p><img decoding=\"async\" loading=\"lazy\" class=\"alignnone wp-image-3343 size-large\" src=\"https:\/\/www.obudainyar.hu\/2022\/wp-content\/uploads\/2022\/08\/bonbon1-1024x683.jpg\" alt=\"\" width=\"800\" height=\"534\" srcset=\"https:\/\/www.obudainyar.hu\/2022\/wp-content\/uploads\/2022\/08\/bonbon1-1024x683.jpg 1024w, https:\/\/www.obudainyar.hu\/2022\/wp-content\/uploads\/2022\/08\/bonbon1-300x200.jpg 300w, https:\/\/www.obudainyar.hu\/2022\/wp-content\/uploads\/2022\/08\/bonbon1-768x512.jpg 768w, https:\/\/www.obudainyar.hu\/2022\/wp-content\/uploads\/2022\/08\/bonbon1-1536x1024.jpg 1536w, https:\/\/www.obudainyar.hu\/2022\/wp-content\/uploads\/2022\/08\/bonbon1-2048x1366.jpg 2048w\" sizes=\"(max-width: 800px) 100vw, 800px\" \/><\/p>\n<p><img decoding=\"async\" loading=\"lazy\" class=\"alignnone wp-image-3339 size-large\" src=\"https:\/\/www.obudainyar.hu\/2022\/wp-content\/uploads\/2022\/08\/Tolvaireni-1024x683.jpg\" alt=\"\" width=\"800\" height=\"534\" srcset=\"https:\/\/www.obudainyar.hu\/2022\/wp-content\/uploads\/2022\/08\/Tolvaireni-1024x683.jpg 1024w, https:\/\/www.obudainyar.hu\/2022\/wp-content\/uploads\/2022\/08\/Tolvaireni-300x200.jpg 300w, https:\/\/www.obudainyar.hu\/2022\/wp-content\/uploads\/2022\/08\/Tolvaireni-768x512.jpg 768w, https:\/\/www.obudainyar.hu\/2022\/wp-content\/uploads\/2022\/08\/Tolvaireni-1536x1024.jpg 1536w, https:\/\/www.obudainyar.hu\/2022\/wp-content\/uploads\/2022\/08\/Tolvaireni-2048x1366.jpg 2048w\" sizes=\"(max-width: 800px) 100vw, 800px\" \/><\/p>\n<p><img decoding=\"async\" loading=\"lazy\" class=\"alignnone wp-image-3341 size-large\" src=\"https:\/\/www.obudainyar.hu\/2022\/wp-content\/uploads\/2022\/08\/4500ember-1024x683.jpg\" alt=\"\" width=\"800\" height=\"534\" srcset=\"https:\/\/www.obudainyar.hu\/2022\/wp-content\/uploads\/2022\/08\/4500ember-1024x683.jpg 1024w, https:\/\/www.obudainyar.hu\/2022\/wp-content\/uploads\/2022\/08\/4500ember-300x200.jpg 300w, https:\/\/www.obudainyar.hu\/2022\/wp-content\/uploads\/2022\/08\/4500ember-768x512.jpg 768w, https:\/\/www.obudainyar.hu\/2022\/wp-content\/uploads\/2022\/08\/4500ember-1536x1024.jpg 1536w, https:\/\/www.obudainyar.hu\/2022\/wp-content\/uploads\/2022\/08\/4500ember-2048x1366.jpg 2048w\" sizes=\"(max-width: 800px) 100vw, 800px\" \/><\/p>\n<p><img decoding=\"async\" loading=\"lazy\" class=\"alignnone wp-image-3357 size-large\" src=\"https:\/\/www.obudainyar.hu\/2022\/wp-content\/uploads\/2022\/08\/tnttomeg-1024x683.jpg\" alt=\"\" width=\"800\" height=\"534\" srcset=\"https:\/\/www.obudainyar.hu\/2022\/wp-content\/uploads\/2022\/08\/tnttomeg-1024x683.jpg 1024w, https:\/\/www.obudainyar.hu\/2022\/wp-content\/uploads\/2022\/08\/tnttomeg-300x200.jpg 300w, https:\/\/www.obudainyar.hu\/2022\/wp-content\/uploads\/2022\/08\/tnttomeg-768x512.jpg 768w, https:\/\/www.obudainyar.hu\/2022\/wp-content\/uploads\/2022\/08\/tnttomeg-1536x1024.jpg 1536w, https:\/\/www.obudainyar.hu\/2022\/wp-content\/uploads\/2022\/08\/tnttomeg-2048x1366.jpg 2048w\" sizes=\"(max-width: 800px) 100vw, 800px\" \/><\/p>\n<p><img decoding=\"async\" loading=\"lazy\" class=\"alignnone wp-image-3355 size-large\" src=\"https:\/\/www.obudainyar.hu\/2022\/wp-content\/uploads\/2022\/08\/tnt-1024x682.jpg\" alt=\"\" width=\"800\" height=\"533\" srcset=\"https:\/\/www.obudainyar.hu\/2022\/wp-content\/uploads\/2022\/08\/tnt-1024x682.jpg 1024w, https:\/\/www.obudainyar.hu\/2022\/wp-content\/uploads\/2022\/08\/tnt-300x200.jpg 300w, https:\/\/www.obudainyar.hu\/2022\/wp-content\/uploads\/2022\/08\/tnt-768x512.jpg 768w, https:\/\/www.obudainyar.hu\/2022\/wp-content\/uploads\/2022\/08\/tnt-1536x1024.jpg 1536w, https:\/\/www.obudainyar.hu\/2022\/wp-content\/uploads\/2022\/08\/tnt-2048x1365.jpg 2048w\" sizes=\"(max-width: 800px) 100vw, 800px\" \/><\/p>\n<p><img decoding=\"async\" loading=\"lazy\" class=\"alignnone wp-image-3347 size-large\" src=\"https:\/\/www.obudainyar.hu\/2022\/wp-content\/uploads\/2022\/08\/Kiralyviktor-1024x683.jpg\" alt=\"\" width=\"800\" height=\"534\" srcset=\"https:\/\/www.obudainyar.hu\/2022\/wp-content\/uploads\/2022\/08\/Kiralyviktor-1024x683.jpg 1024w, https:\/\/www.obudainyar.hu\/2022\/wp-content\/uploads\/2022\/08\/Kiralyviktor-300x200.jpg 300w, https:\/\/www.obudainyar.hu\/2022\/wp-content\/uploads\/2022\/08\/Kiralyviktor-768x512.jpg 768w, https:\/\/www.obudainyar.hu\/2022\/wp-content\/uploads\/2022\/08\/Kiralyviktor-1536x1024.jpg 1536w, https:\/\/www.obudainyar.hu\/2022\/wp-content\/uploads\/2022\/08\/Kiralyviktor-2048x1366.jpg 2048w\" sizes=\"(max-width: 800px) 100vw, 800px\" \/><\/p>\n<p><img decoding=\"async\" loading=\"lazy\" class=\"alignnone wp-image-3346 size-large\" src=\"https:\/\/www.obudainyar.hu\/2022\/wp-content\/uploads\/2022\/08\/idosek-1024x683.jpg\" alt=\"\" width=\"800\" height=\"534\" srcset=\"https:\/\/www.obudainyar.hu\/2022\/wp-content\/uploads\/2022\/08\/idosek-1024x683.jpg 1024w, https:\/\/www.obudainyar.hu\/2022\/wp-content\/uploads\/2022\/08\/idosek-300x200.jpg 300w, https:\/\/www.obudainyar.hu\/2022\/wp-content\/uploads\/2022\/08\/idosek-768x512.jpg 768w, https:\/\/www.obudainyar.hu\/2022\/wp-content\/uploads\/2022\/08\/idosek-1536x1024.jpg 1536w, https:\/\/www.obudainyar.hu\/2022\/wp-content\/uploads\/2022\/08\/idosek-2048x1366.jpg 2048w\" sizes=\"(max-width: 800px) 100vw, 800px\" \/><\/p>\n<p><img decoding=\"async\" loading=\"lazy\" class=\"alignnone wp-image-3352 size-large\" src=\"https:\/\/www.obudainyar.hu\/2022\/wp-content\/uploads\/2022\/08\/nyuszi-1024x682.jpg\" alt=\"\" width=\"800\" height=\"533\" srcset=\"https:\/\/www.obudainyar.hu\/2022\/wp-content\/uploads\/2022\/08\/nyuszi-1024x682.jpg 1024w, https:\/\/www.obudainyar.hu\/2022\/wp-content\/uploads\/2022\/08\/nyuszi-300x200.jpg 300w, https:\/\/www.obudainyar.hu\/2022\/wp-content\/uploads\/2022\/08\/nyuszi-768x512.jpg 768w, https:\/\/www.obudainyar.hu\/2022\/wp-content\/uploads\/2022\/08\/nyuszi-1536x1024.jpg 1536w, https:\/\/www.obudainyar.hu\/2022\/wp-content\/uploads\/2022\/08\/nyuszi-2048x1365.jpg 2048w\" sizes=\"(max-width: 800px) 100vw, 800px\" \/><\/p>\n","protected":false},"excerpt":{"rendered":"<p>Augusztus 27-\u00e9n megtelt a Csob\u00e1nka t\u00e9r, a H\u00e9k\u00e1s B\u00e9k\u00e1s Csal\u00e1di Nap programjai ezreket vonzottak, hogy egy remek szombati napot t\u00f6lts\u00fcnk el egy\u00fctt. <\/p>\n","protected":false},"author":4,"featured_media":3338,"comment_status":"open","ping_status":"open","sticky":false,"template":"","format":"standard","meta":[],"categories":[1],"tags":[470,466,478,398,360,359],"yoast_head":"<!-- This site is optimized with the Yoast SEO plugin v17.5 - https:\/\/yoast.com\/wordpress\/plugins\/seo\/ -->\n<title>Fantasztikus bulival z\u00e1rtuk az augusztust \u2013 Ilyen volt a H\u00e9k\u00e1s B\u00e9k\u00e1s Csal\u00e1di Nap - \u00d3budai Ny\u00e1r 2022 | obuda.hu<\/title>\n<meta name=\"robots\" content=\"index, follow, max-snippet:-1, max-image-preview:large, max-video-preview:-1\" \/>\n<link rel=\"canonical\" href=\"https:\/\/www.obudainyar.hu\/2022\/fantasztikus-bulival-zartuk-az-augusztust-ilyen-volt-a-hekas-bekas-csaladi-nap\/\" \/>\n<meta property=\"og:locale\" content=\"hu_HU\" \/>\n<meta property=\"og:type\" content=\"article\" \/>\n<meta property=\"og:title\" content=\"Fantasztikus bulival z\u00e1rtuk az augusztust \u2013 Ilyen volt a H\u00e9k\u00e1s B\u00e9k\u00e1s Csal\u00e1di Nap - \u00d3budai Ny\u00e1r 2022 | obuda.hu\" \/>\n<meta property=\"og:description\" content=\"Augusztus 27-\u00e9n megtelt a Csob\u00e1nka t\u00e9r, a H\u00e9k\u00e1s B\u00e9k\u00e1s Csal\u00e1di Nap programjai ezreket vonzottak, hogy egy remek szombati napot t\u00f6lts\u00fcnk el egy\u00fctt.\" \/>\n<meta property=\"og:url\" content=\"https:\/\/www.obudainyar.hu\/2022\/fantasztikus-bulival-zartuk-az-augusztust-ilyen-volt-a-hekas-bekas-csaladi-nap\/\" \/>\n<meta property=\"og:site_name\" content=\"\u00d3budai Ny\u00e1r 2022 | obuda.hu\" \/>\n<meta property=\"article:published_time\" content=\"2022-08-31T10:24:19+00:00\" \/>\n<meta property=\"og:image\" content=\"https:\/\/www.obudainyar.hu\/2022\/wp-content\/uploads\/2022\/08\/tnttomeg1-scaled.jpg\" \/>\n\t<meta property=\"og:image:width\" content=\"2560\" \/>\n\t<meta property=\"og:image:height\" content=\"1706\" \/>\n<meta name=\"twitter:card\" content=\"summary_large_image\" \/>\n<meta name=\"twitter:label1\" content=\"Szerz\u0151:\" \/>\n\t<meta name=\"twitter:data1\" content=\"kontrohrandrea\" \/>\n\t<meta name=\"twitter:label2\" content=\"Becs\u00fclt olvas\u00e1si id\u0151\" \/>\n\t<meta name=\"twitter:data2\" content=\"1 perc\" \/>\n<script type=\"application\/ld+json\" class=\"yoast-schema-graph\">{\"@context\":\"https:\/\/schema.org\",\"@graph\":[{\"@type\":\"WebSite\",\"@id\":\"https:\/\/www.obudainyar.hu\/2022\/#website\",\"url\":\"https:\/\/www.obudainyar.hu\/2022\/\",\"name\":\"\\u00d3budai Ny\\u00e1r 2022 | obuda.hu\",\"description\":\"\",\"potentialAction\":[{\"@type\":\"SearchAction\",\"target\":{\"@type\":\"EntryPoint\",\"urlTemplate\":\"https:\/\/www.obudainyar.hu\/2022\/?s={search_term_string}\"},\"query-input\":\"required name=search_term_string\"}],\"inLanguage\":\"hu\"},{\"@type\":\"ImageObject\",\"@id\":\"https:\/\/www.obudainyar.hu\/2022\/fantasztikus-bulival-zartuk-az-augusztust-ilyen-volt-a-hekas-bekas-csaladi-nap\/#primaryimage\",\"inLanguage\":\"hu\",\"url\":\"https:\/\/www.obudainyar.hu\/2022\/wp-content\/uploads\/2022\/08\/tnttomeg1-scaled.jpg\",\"contentUrl\":\"https:\/\/www.obudainyar.hu\/2022\/wp-content\/uploads\/2022\/08\/tnttomeg1-scaled.jpg\",\"width\":2560,\"height\":1706},{\"@type\":\"WebPage\",\"@id\":\"https:\/\/www.obudainyar.hu\/2022\/fantasztikus-bulival-zartuk-az-augusztust-ilyen-volt-a-hekas-bekas-csaladi-nap\/#webpage\",\"url\":\"https:\/\/www.obudainyar.hu\/2022\/fantasztikus-bulival-zartuk-az-augusztust-ilyen-volt-a-hekas-bekas-csaladi-nap\/\",\"name\":\"Fantasztikus bulival z\\u00e1rtuk az augusztust \\u2013 Ilyen volt a H\\u00e9k\\u00e1s B\\u00e9k\\u00e1s Csal\\u00e1di Nap - \\u00d3budai Ny\\u00e1r 2022 | obuda.hu\",\"isPartOf\":{\"@id\":\"https:\/\/www.obudainyar.hu\/2022\/#website\"},\"primaryImageOfPage\":{\"@id\":\"https:\/\/www.obudainyar.hu\/2022\/fantasztikus-bulival-zartuk-az-augusztust-ilyen-volt-a-hekas-bekas-csaladi-nap\/#primaryimage\"},\"datePublished\":\"2022-08-31T10:24:19+00:00\",\"dateModified\":\"2022-08-31T10:24:19+00:00\",\"author\":{\"@id\":\"https:\/\/www.obudainyar.hu\/2022\/#\/schema\/person\/326f839b262a757711803054eb7f82ed\"},\"breadcrumb\":{\"@id\":\"https:\/\/www.obudainyar.hu\/2022\/fantasztikus-bulival-zartuk-az-augusztust-ilyen-volt-a-hekas-bekas-csaladi-nap\/#breadcrumb\"},\"inLanguage\":\"hu\",\"potentialAction\":[{\"@type\":\"ReadAction\",\"target\":[\"https:\/\/www.obudainyar.hu\/2022\/fantasztikus-bulival-zartuk-az-augusztust-ilyen-volt-a-hekas-bekas-csaladi-nap\/\"]}]},{\"@type\":\"BreadcrumbList\",\"@id\":\"https:\/\/www.obudainyar.hu\/2022\/fantasztikus-bulival-zartuk-az-augusztust-ilyen-volt-a-hekas-bekas-csaladi-nap\/#breadcrumb\",\"itemListElement\":[{\"@type\":\"ListItem\",\"position\":1,\"name\":\"Kezd\\u0151lap\",\"item\":\"https:\/\/www.obudainyar.hu\/2022\/\"},{\"@type\":\"ListItem\",\"position\":2,\"name\":\"Fantasztikus bulival z\\u00e1rtuk az augusztust \\u2013 Ilyen volt a H\\u00e9k\\u00e1s B\\u00e9k\\u00e1s Csal\\u00e1di Nap\"}]},{\"@type\":\"Person\",\"@id\":\"https:\/\/www.obudainyar.hu\/2022\/#\/schema\/person\/326f839b262a757711803054eb7f82ed\",\"name\":\"kontrohrandrea\",\"image\":{\"@type\":\"ImageObject\",\"@id\":\"https:\/\/www.obudainyar.hu\/2022\/#personlogo\",\"inLanguage\":\"hu\",\"url\":\"https:\/\/secure.gravatar.com\/avatar\/5180e03a1bd56251a0e983cd1f8e454b?s=96&d=mm&r=g\",\"contentUrl\":\"https:\/\/secure.gravatar.com\/avatar\/5180e03a1bd56251a0e983cd1f8e454b?s=96&d=mm&r=g\",\"caption\":\"kontrohrandrea\"},\"url\":\"https:\/\/www.obudainyar.hu\/2022\/author\/kontrohrandrea\/\"}]}<\/script>\n<!-- \/ Yoast SEO plugin. -->","yoast_head_json":{"title":"Fantasztikus bulival z\u00e1rtuk az augusztust \u2013 Ilyen volt a H\u00e9k\u00e1s B\u00e9k\u00e1s Csal\u00e1di Nap - \u00d3budai Ny\u00e1r 2022 | obuda.hu","robots":{"index":"index","follow":"follow","max-snippet":"max-snippet:-1","max-image-preview":"max-image-preview:large","max-video-preview":"max-video-preview:-1"},"canonical":"https:\/\/www.obudainyar.hu\/2022\/fantasztikus-bulival-zartuk-az-augusztust-ilyen-volt-a-hekas-bekas-csaladi-nap\/","og_locale":"hu_HU","og_type":"article","og_title":"Fantasztikus bulival z\u00e1rtuk az augusztust \u2013 Ilyen volt a H\u00e9k\u00e1s B\u00e9k\u00e1s Csal\u00e1di Nap - \u00d3budai Ny\u00e1r 2022 | obuda.hu","og_description":"Augusztus 27-\u00e9n megtelt a Csob\u00e1nka t\u00e9r, a H\u00e9k\u00e1s B\u00e9k\u00e1s Csal\u00e1di Nap programjai ezreket vonzottak, hogy egy remek szombati napot t\u00f6lts\u00fcnk el egy\u00fctt.","og_url":"https:\/\/www.obudainyar.hu\/2022\/fantasztikus-bulival-zartuk-az-augusztust-ilyen-volt-a-hekas-bekas-csaladi-nap\/","og_site_name":"\u00d3budai Ny\u00e1r 2022 | obuda.hu","article_published_time":"2022-08-31T10:24:19+00:00","og_image":[{"width":2560,"height":1706,"url":"https:\/\/www.obudainyar.hu\/2022\/wp-content\/uploads\/2022\/08\/tnttomeg1-scaled.jpg","type":"image\/jpeg"}],"twitter_card":"summary_large_image","twitter_misc":{"Szerz\u0151:":"kontrohrandrea","Becs\u00fclt olvas\u00e1si id\u0151":"1 perc"},"schema":{"@context":"https:\/\/schema.org","@graph":[{"@type":"WebSite","@id":"https:\/\/www.obudainyar.hu\/2022\/#website","url":"https:\/\/www.obudainyar.hu\/2022\/","name":"\u00d3budai Ny\u00e1r 2022 | obuda.hu","description":"","potentialAction":[{"@type":"SearchAction","target":{"@type":"EntryPoint","urlTemplate":"https:\/\/www.obudainyar.hu\/2022\/?s={search_term_string}"},"query-input":"required name=search_term_string"}],"inLanguage":"hu"},{"@type":"ImageObject","@id":"https:\/\/www.obudainyar.hu\/2022\/fantasztikus-bulival-zartuk-az-augusztust-ilyen-volt-a-hekas-bekas-csaladi-nap\/#primaryimage","inLanguage":"hu","url":"https:\/\/www.obudainyar.hu\/2022\/wp-content\/uploads\/2022\/08\/tnttomeg1-scaled.jpg","contentUrl":"https:\/\/www.obudainyar.hu\/2022\/wp-content\/uploads\/2022\/08\/tnttomeg1-scaled.jpg","width":2560,"height":1706},{"@type":"WebPage","@id":"https:\/\/www.obudainyar.hu\/2022\/fantasztikus-bulival-zartuk-az-augusztust-ilyen-volt-a-hekas-bekas-csaladi-nap\/#webpage","url":"https:\/\/www.obudainyar.hu\/2022\/fantasztikus-bulival-zartuk-az-augusztust-ilyen-volt-a-hekas-bekas-csaladi-nap\/","name":"Fantasztikus bulival z\u00e1rtuk az augusztust \u2013 Ilyen volt a H\u00e9k\u00e1s B\u00e9k\u00e1s Csal\u00e1di Nap - \u00d3budai Ny\u00e1r 2022 | obuda.hu","isPartOf":{"@id":"https:\/\/www.obudainyar.hu\/2022\/#website"},"primaryImageOfPage":{"@id":"https:\/\/www.obudainyar.hu\/2022\/fantasztikus-bulival-zartuk-az-augusztust-ilyen-volt-a-hekas-bekas-csaladi-nap\/#primaryimage"},"datePublished":"2022-08-31T10:24:19+00:00","dateModified":"2022-08-31T10:24:19+00:00","author":{"@id":"https:\/\/www.obudainyar.hu\/2022\/#\/schema\/person\/326f839b262a757711803054eb7f82ed"},"breadcrumb":{"@id":"https:\/\/www.obudainyar.hu\/2022\/fantasztikus-bulival-zartuk-az-augusztust-ilyen-volt-a-hekas-bekas-csaladi-nap\/#breadcrumb"},"inLanguage":"hu","potentialAction":[{"@type":"ReadAction","target":["https:\/\/www.obudainyar.hu\/2022\/fantasztikus-bulival-zartuk-az-augusztust-ilyen-volt-a-hekas-bekas-csaladi-nap\/"]}]},{"@type":"BreadcrumbList","@id":"https:\/\/www.obudainyar.hu\/2022\/fantasztikus-bulival-zartuk-az-augusztust-ilyen-volt-a-hekas-bekas-csaladi-nap\/#breadcrumb","itemListElement":[{"@type":"ListItem","position":1,"name":"Kezd\u0151lap","item":"https:\/\/www.obudainyar.hu\/2022\/"},{"@type":"ListItem","position":2,"name":"Fantasztikus bulival z\u00e1rtuk az augusztust \u2013 Ilyen volt a H\u00e9k\u00e1s B\u00e9k\u00e1s Csal\u00e1di Nap"}]},{"@type":"Person","@id":"https:\/\/www.obudainyar.hu\/2022\/#\/schema\/person\/326f839b262a757711803054eb7f82ed","name":"kontrohrandrea","image":{"@type":"ImageObject","@id":"https:\/\/www.obudainyar.hu\/2022\/#personlogo","inLanguage":"hu","url":"https:\/\/secure.gravatar.com\/avatar\/5180e03a1bd56251a0e983cd1f8e454b?s=96&d=mm&r=g","contentUrl":"https:\/\/secure.gravatar.com\/avatar\/5180e03a1bd56251a0e983cd1f8e454b?s=96&d=mm&r=g","caption":"kontrohrandrea"},"url":"https:\/\/www.obudainyar.hu\/2022\/author\/kontrohrandrea\/"}]}},"_links":{"self":[{"href":"https:\/\/www.obudainyar.hu\/2022\/wp-json\/wp\/v2\/posts\/3337"}],"collection":[{"href":"https:\/\/www.obudainyar.hu\/2022\/wp-json\/wp\/v2\/posts"}],"about":[{"href":"https:\/\/www.obudainyar.hu\/2022\/wp-json\/wp\/v2\/types\/post"}],"author":[{"embeddable":true,"href":"https:\/\/www.obudainyar.hu\/2022\/wp-json\/wp\/v2\/users\/4"}],"replies":[{"embeddable":true,"href":"https:\/\/www.obudainyar.hu\/2022\/wp-json\/wp\/v2\/comments?post=3337"}],"version-history":[{"count":2,"href":"https:\/\/www.obudainyar.hu\/2022\/wp-json\/wp\/v2\/posts\/3337\/revisions"}],"predecessor-version":[{"id":3360,"href":"https:\/\/www.obudainyar.hu\/2022\/wp-json\/wp\/v2\/posts\/3337\/revisions\/3360"}],"wp:featuredmedia":[{"embeddable":true,"href":"https:\/\/www.obudainyar.hu\/2022\/wp-json\/wp\/v2\/media\/3338"}],"wp:attachment":[{"href":"https:\/\/www.obudainyar.hu\/2022\/wp-json\/wp\/v2\/media?parent=3337"}],"wp:term":[{"taxonomy":"category","embeddable":true,"href":"https:\/\/www.obudainyar.hu\/2022\/wp-json\/wp\/v2\/categories?post=3337"},{"taxonomy":"post_tag","embeddable":true,"href":"https:\/\/www.obudainyar.hu\/2022\/wp-json\/wp\/v2\/tags?post=3337"}],"curies":[{"name":"wp","href":"https:\/\/api.w.org\/{rel}","templated":true}]}}