{"id":3382,"date":"2022-09-19T11:32:01","date_gmt":"2022-09-19T09:32:01","guid":{"rendered":"https:\/\/www.obudainyar.hu\/2022\/?p=3382"},"modified":"2022-09-19T18:52:53","modified_gmt":"2022-09-19T16:52:53","slug":"mit-nekunk-a-huvos-ido-szombaton-minden-felhot-elzavart-a-jokedv-csillaghegyen","status":"publish","type":"post","link":"https:\/\/www.obudainyar.hu\/2022\/mit-nekunk-a-huvos-ido-szombaton-minden-felhot-elzavart-a-jokedv-csillaghegyen\/","title":{"rendered":"Csillaghegy a mi kis falunk &#8211; Nagyszer\u0171 hangulat, szuper buli a Csillaghegyi utcab\u00e1lon"},"content":{"rendered":"<p>Ahogyan azt a <a href=\"https:\/\/www.obudainyar.hu\/2022\/meg-nincs-vege-a-nyarnak-jon-a-csillaghegyi-utcabal\/\">programaj\u00e1nl\u00f3nkban is meg\u00edrtuk,<\/a> a Csillaghegyi utcab\u00e1lon a d\u00e9lel\u0151tt teljes eg\u00e9sz\u00e9ben a kicsikr\u0151l sz\u00f3lt: a k\u00f6z\u00f6s \u00e9nekl\u00e9s Bubor\u00e9k Bercivel, az Iszkiri zenekar remek koncertje, vagy a Mosolygar\u00e1zs csoport aerobicgyermekt\u00e1nc m\u0171sora is rengeteg vid\u00e1m, csillog\u00f3 szem\u0171 apr\u00f3s\u00e1got vonzott a M\u00e1ty\u00e1s kir\u00e1ly \u00faton fel\u00e1ll\u00edtott sz\u00ednpad el\u00e9. A Csillaghegyi K\u00f6z\u00f6ss\u00e9gi H\u00e1zban eg\u00e9sz nap v\u00e1rta a kisebbeket-nagyobbakat az <a href=\"https:\/\/www.facebook.com\/egyboglya\/\">Egyboglya Alap\u00edtv\u00e1ny,\u00a0<\/a> sz\u00ednes kreat\u00edv alkot\u00f3 programjaira, mesefoglalkoz\u00e1sukra \u00e9s dr\u00e1maj\u00e1t\u00e9kra. A CSKH eg\u00e9sz nap zsongott a gyerekzsivajt\u00f3l, nevet\u00e9st\u0151l.<\/p>\n<p>A k\u00f6z\u00f6ss\u00e9gi h\u00e1z udvar\u00e1n ek\u00f6zben komoly feln\u0151ttek vet\u00e9lkedtek egym\u00e1ssal, hiszen t\u00f6bb, mint 10 csapat indult, hogy f\u00e9ltve \u0151rz\u00f6tt pincep\u00f6rk\u00f6lt receptj\u00e9t megf\u0151zze \u00e9s megm\u00e9rettesse a Csillaghegyi utcab\u00e1l f\u0151z\u0151verseny\u00e9n. A szervez\u0151kt\u0151l jelk\u00e9pes \u00e1ron lehetett k\u00f3stol\u00f3jegyeket v\u00e1s\u00e1rolni, amelyek pillanatok alatt elkeltek, bizony\u00edtva az indul\u00f3 csapatok gasztron\u00f3miai felk\u00e9sz\u00fclts\u00e9g\u00e9t. A f\u0151z\u0151verseny egyik szervez\u0151je Debreczeny Istv\u00e1n \u00e9s dr. Kiss L\u00e1szl\u00f3 hirdett\u00e9k ki a helyezetteket, kiemelve, hogy a zs\u0171rinek rendk\u00edv\u00fcl neh\u00e9z dolga volt, hiszen minden csapat a maga m\u00f3dj\u00e1n csod\u00e1latos egyt\u00e1l\u00e9telt var\u00e1zsolt a bogr\u00e1csokba.<\/p>\n<p>Kora d\u00e9lut\u00e1n ker\u00fclt sor a nap egyik attrakci\u00f3j\u00e1nak, Csillaghegy tort\u00e1j\u00e1nak a felv\u00e1g\u00e1s\u00e1ra. A hatalmas (\u00e9s nagyon finom!) tort\u00e1t dr. Kiss L\u00e1szl\u00f3 \u00d3buda-B\u00e9k\u00e1smegyer polg\u00e1rmestere szelte fel, aki \u00f6r\u00f6mmel osztotta sz\u00e9t az \u00f6nkorm\u00e1nyzat \u00e9s a Cserfalvi cukr\u00e1szda aj\u00e1nd\u00e9k\u00e1t. A m\u00e9lt\u00e1n h\u00edrneves cukr\u00e1szat most sem okozott csal\u00f3d\u00e1st. Tort\u00e1jukat pillanatok alatt elkapkodt\u00e1k a vend\u00e9gek.<\/p>\n<p>D\u00e9lut\u00e1ni pilled\u00e9sre azonban nem volt m\u00f3d, hiszen sorra k\u00f6vetkeztek a fantasztikus hangulatot kerek\u00edt\u0151 koncert-fell\u00e9p\u0151k, az esem\u00e9ny egyik szervez\u0151j\u00e9nek K\u0151szegi Attil\u00e1nak, a helyi lok\u00e1lpatri\u00f3t\u00e1nak j\u00f3volt\u00e1b\u00f3l. Nemcsak Berry, Weisz Viktor, az IceCream Supersession garant\u00e1lt\u00e1k, hogy a hangulat folyamatosan a tet\u0151fokon maradjon, a koncertek h\u00e1zigazd\u00e1ja Hars\u00e1nyi Levente pedig gondoskodott arr\u00f3l, hogy a k\u00f6z\u00f6ns\u00e9g ne maradjon j\u00f3 po\u00e9nok n\u00e9lk\u00fcl a koncertek sz\u00fcnet\u00e9ben sem.<\/p>\n<p>A nap szt\u00e1rfell\u00e9p\u0151je az Irigy H\u00f3naljmirigy fergeteges bulij\u00e1t pedig egyhamar nem fogj\u00e1k elfelejteni sem a Csillaghegyiek, sem a Csillaghegyre l\u00e1togat\u00f3k, a k\u00f6z\u00f6ns\u00e9g egy\u00fctt \u00e9nekelt \u00e9s t\u00e1ncolt a zenekarral, igazi utcab\u00e1l kerekedett a Fi\u00fak koncertj\u00e9n.<\/p>\n<p>K\u00f6sz\u00f6nj\u00fck minden r\u00e9sztvev\u0151nek, fell\u00e9p\u0151nek, hogy megtisztelt\u00e9k foglalkoz\u00e1saikkal, produkci\u00f3jukkal a Csillaghegyi utcab\u00e1l rendezv\u00e9ny\u00e9t \u00e9s k\u00f6sz\u00f6nj\u00fck minden kedves hozz\u00e1nk l\u00e1togat\u00f3nak, hogy egy\u00fctt lehett\u00fcnk ezen a fantasztikus szombati napon.<\/p>\n<p>J\u00f6v\u0151re folytatjuk!<\/p>\n<p><img decoding=\"async\" loading=\"lazy\" class=\"alignnone wp-image-3437 size-large\" src=\"https:\/\/www.obudainyar.hu\/2022\/wp-content\/uploads\/2022\/09\/Buborek-Berci-1024x587.png\" alt=\"\" width=\"800\" height=\"459\" srcset=\"https:\/\/www.obudainyar.hu\/2022\/wp-content\/uploads\/2022\/09\/Buborek-Berci-1024x587.png 1024w, https:\/\/www.obudainyar.hu\/2022\/wp-content\/uploads\/2022\/09\/Buborek-Berci-300x172.png 300w, https:\/\/www.obudainyar.hu\/2022\/wp-content\/uploads\/2022\/09\/Buborek-Berci-768x441.png 768w, https:\/\/www.obudainyar.hu\/2022\/wp-content\/uploads\/2022\/09\/Buborek-Berci.png 1215w\" sizes=\"(max-width: 800px) 100vw, 800px\" \/><\/p>\n<p><img decoding=\"async\" loading=\"lazy\" class=\"alignnone wp-image-3413 size-large\" src=\"https:\/\/www.obudainyar.hu\/2022\/wp-content\/uploads\/2022\/09\/IMG_0503-1024x683.jpg\" alt=\"\" width=\"800\" height=\"534\" srcset=\"https:\/\/www.obudainyar.hu\/2022\/wp-content\/uploads\/2022\/09\/IMG_0503-1024x683.jpg 1024w, https:\/\/www.obudainyar.hu\/2022\/wp-content\/uploads\/2022\/09\/IMG_0503-300x200.jpg 300w, https:\/\/www.obudainyar.hu\/2022\/wp-content\/uploads\/2022\/09\/IMG_0503-768x512.jpg 768w, https:\/\/www.obudainyar.hu\/2022\/wp-content\/uploads\/2022\/09\/IMG_0503-1536x1024.jpg 1536w, https:\/\/www.obudainyar.hu\/2022\/wp-content\/uploads\/2022\/09\/IMG_0503-2048x1365.jpg 2048w\" sizes=\"(max-width: 800px) 100vw, 800px\" \/><\/p>\n<p><img decoding=\"async\" loading=\"lazy\" class=\"alignnone wp-image-3394 size-large\" src=\"https:\/\/www.obudainyar.hu\/2022\/wp-content\/uploads\/2022\/09\/IMG_0260-1024x683.jpg\" alt=\"\" width=\"800\" height=\"534\" srcset=\"https:\/\/www.obudainyar.hu\/2022\/wp-content\/uploads\/2022\/09\/IMG_0260-1024x683.jpg 1024w, https:\/\/www.obudainyar.hu\/2022\/wp-content\/uploads\/2022\/09\/IMG_0260-300x200.jpg 300w, https:\/\/www.obudainyar.hu\/2022\/wp-content\/uploads\/2022\/09\/IMG_0260-768x512.jpg 768w, https:\/\/www.obudainyar.hu\/2022\/wp-content\/uploads\/2022\/09\/IMG_0260-1536x1024.jpg 1536w, https:\/\/www.obudainyar.hu\/2022\/wp-content\/uploads\/2022\/09\/IMG_0260-2048x1365.jpg 2048w\" sizes=\"(max-width: 800px) 100vw, 800px\" \/><\/p>\n<p><img decoding=\"async\" loading=\"lazy\" class=\"alignnone wp-image-3427 size-large\" src=\"https:\/\/www.obudainyar.hu\/2022\/wp-content\/uploads\/2022\/09\/IMG_0650-1024x683.jpg\" alt=\"\" width=\"800\" height=\"534\" srcset=\"https:\/\/www.obudainyar.hu\/2022\/wp-content\/uploads\/2022\/09\/IMG_0650-1024x683.jpg 1024w, https:\/\/www.obudainyar.hu\/2022\/wp-content\/uploads\/2022\/09\/IMG_0650-300x200.jpg 300w, https:\/\/www.obudainyar.hu\/2022\/wp-content\/uploads\/2022\/09\/IMG_0650-768x512.jpg 768w, https:\/\/www.obudainyar.hu\/2022\/wp-content\/uploads\/2022\/09\/IMG_0650-1536x1024.jpg 1536w, https:\/\/www.obudainyar.hu\/2022\/wp-content\/uploads\/2022\/09\/IMG_0650-2048x1365.jpg 2048w\" sizes=\"(max-width: 800px) 100vw, 800px\" \/><\/p>\n<p><img decoding=\"async\" loading=\"lazy\" class=\"alignnone wp-image-3421 size-large\" src=\"https:\/\/www.obudainyar.hu\/2022\/wp-content\/uploads\/2022\/09\/IMG_0592-1024x683.jpg\" alt=\"\" width=\"800\" height=\"534\" srcset=\"https:\/\/www.obudainyar.hu\/2022\/wp-content\/uploads\/2022\/09\/IMG_0592-1024x683.jpg 1024w, https:\/\/www.obudainyar.hu\/2022\/wp-content\/uploads\/2022\/09\/IMG_0592-300x200.jpg 300w, https:\/\/www.obudainyar.hu\/2022\/wp-content\/uploads\/2022\/09\/IMG_0592-768x512.jpg 768w, https:\/\/www.obudainyar.hu\/2022\/wp-content\/uploads\/2022\/09\/IMG_0592-1536x1024.jpg 1536w, https:\/\/www.obudainyar.hu\/2022\/wp-content\/uploads\/2022\/09\/IMG_0592-2048x1365.jpg 2048w\" sizes=\"(max-width: 800px) 100vw, 800px\" \/><\/p>\n<p><img decoding=\"async\" loading=\"lazy\" class=\"alignnone wp-image-3420 size-large\" src=\"https:\/\/www.obudainyar.hu\/2022\/wp-content\/uploads\/2022\/09\/IMG_0586-1024x683.jpg\" alt=\"\" width=\"800\" height=\"534\" srcset=\"https:\/\/www.obudainyar.hu\/2022\/wp-content\/uploads\/2022\/09\/IMG_0586-1024x683.jpg 1024w, https:\/\/www.obudainyar.hu\/2022\/wp-content\/uploads\/2022\/09\/IMG_0586-300x200.jpg 300w, https:\/\/www.obudainyar.hu\/2022\/wp-content\/uploads\/2022\/09\/IMG_0586-768x512.jpg 768w, https:\/\/www.obudainyar.hu\/2022\/wp-content\/uploads\/2022\/09\/IMG_0586-1536x1024.jpg 1536w, https:\/\/www.obudainyar.hu\/2022\/wp-content\/uploads\/2022\/09\/IMG_0586-2048x1365.jpg 2048w\" sizes=\"(max-width: 800px) 100vw, 800px\" \/><\/p>\n<p><img decoding=\"async\" loading=\"lazy\" class=\"alignnone wp-image-3400 size-large\" src=\"https:\/\/www.obudainyar.hu\/2022\/wp-content\/uploads\/2022\/09\/IMG_0365-1024x683.jpg\" alt=\"\" width=\"800\" height=\"534\" srcset=\"https:\/\/www.obudainyar.hu\/2022\/wp-content\/uploads\/2022\/09\/IMG_0365-1024x683.jpg 1024w, https:\/\/www.obudainyar.hu\/2022\/wp-content\/uploads\/2022\/09\/IMG_0365-300x200.jpg 300w, https:\/\/www.obudainyar.hu\/2022\/wp-content\/uploads\/2022\/09\/IMG_0365-768x512.jpg 768w, https:\/\/www.obudainyar.hu\/2022\/wp-content\/uploads\/2022\/09\/IMG_0365-1536x1024.jpg 1536w, https:\/\/www.obudainyar.hu\/2022\/wp-content\/uploads\/2022\/09\/IMG_0365-2048x1365.jpg 2048w\" sizes=\"(max-width: 800px) 100vw, 800px\" \/>\u00a0 \u00a0\u00a0 <img decoding=\"async\" loading=\"lazy\" class=\"alignnone wp-image-3392 size-large\" src=\"https:\/\/www.obudainyar.hu\/2022\/wp-content\/uploads\/2022\/09\/IMG_0234-1024x683.jpg\" alt=\"\" width=\"800\" height=\"534\" srcset=\"https:\/\/www.obudainyar.hu\/2022\/wp-content\/uploads\/2022\/09\/IMG_0234-1024x683.jpg 1024w, https:\/\/www.obudainyar.hu\/2022\/wp-content\/uploads\/2022\/09\/IMG_0234-300x200.jpg 300w, https:\/\/www.obudainyar.hu\/2022\/wp-content\/uploads\/2022\/09\/IMG_0234-768x512.jpg 768w, https:\/\/www.obudainyar.hu\/2022\/wp-content\/uploads\/2022\/09\/IMG_0234-1536x1024.jpg 1536w, https:\/\/www.obudainyar.hu\/2022\/wp-content\/uploads\/2022\/09\/IMG_0234-2048x1365.jpg 2048w\" sizes=\"(max-width: 800px) 100vw, 800px\" \/><\/p>\n<p><img decoding=\"async\" loading=\"lazy\" class=\"alignnone wp-image-3390 size-large\" src=\"https:\/\/www.obudainyar.hu\/2022\/wp-content\/uploads\/2022\/09\/IMG_0221-1024x683.jpg\" alt=\"\" width=\"800\" height=\"534\" srcset=\"https:\/\/www.obudainyar.hu\/2022\/wp-content\/uploads\/2022\/09\/IMG_0221-1024x683.jpg 1024w, https:\/\/www.obudainyar.hu\/2022\/wp-content\/uploads\/2022\/09\/IMG_0221-300x200.jpg 300w, https:\/\/www.obudainyar.hu\/2022\/wp-content\/uploads\/2022\/09\/IMG_0221-768x512.jpg 768w, https:\/\/www.obudainyar.hu\/2022\/wp-content\/uploads\/2022\/09\/IMG_0221-1536x1024.jpg 1536w, https:\/\/www.obudainyar.hu\/2022\/wp-content\/uploads\/2022\/09\/IMG_0221-2048x1365.jpg 2048w\" sizes=\"(max-width: 800px) 100vw, 800px\" \/><\/p>\n<p><img decoding=\"async\" loading=\"lazy\" class=\"alignnone wp-image-3436 size-large\" src=\"https:\/\/www.obudainyar.hu\/2022\/wp-content\/uploads\/2022\/09\/Weisz-1024x549.png\" alt=\"\" width=\"800\" height=\"429\" srcset=\"https:\/\/www.obudainyar.hu\/2022\/wp-content\/uploads\/2022\/09\/Weisz-1024x549.png 1024w, https:\/\/www.obudainyar.hu\/2022\/wp-content\/uploads\/2022\/09\/Weisz-300x161.png 300w, https:\/\/www.obudainyar.hu\/2022\/wp-content\/uploads\/2022\/09\/Weisz-768x412.png 768w, https:\/\/www.obudainyar.hu\/2022\/wp-content\/uploads\/2022\/09\/Weisz.png 1412w\" sizes=\"(max-width: 800px) 100vw, 800px\" \/><\/p>\n<p><img decoding=\"async\" loading=\"lazy\" class=\"alignnone wp-image-3435 size-large\" src=\"https:\/\/www.obudainyar.hu\/2022\/wp-content\/uploads\/2022\/09\/irigy-1024x566.png\" alt=\"\" width=\"800\" height=\"442\" srcset=\"https:\/\/www.obudainyar.hu\/2022\/wp-content\/uploads\/2022\/09\/irigy-1024x566.png 1024w, https:\/\/www.obudainyar.hu\/2022\/wp-content\/uploads\/2022\/09\/irigy-300x166.png 300w, https:\/\/www.obudainyar.hu\/2022\/wp-content\/uploads\/2022\/09\/irigy-768x424.png 768w, https:\/\/www.obudainyar.hu\/2022\/wp-content\/uploads\/2022\/09\/irigy.png 1390w\" sizes=\"(max-width: 800px) 100vw, 800px\" \/><\/p>\n","protected":false},"excerpt":{"rendered":"<p>A kiss\u00e9 h\u0171v\u00f6s id\u0151j\u00e1r\u00e1s szerencs\u00e9re nem t\u00e1ntor\u00edtotta el a Csillaghegyieket \u00e9s a Csillaghegyi utcab\u00e1lra \u00e9rkez\u0151 vend\u00e9geiket. Az eg\u00e9sz napos gazdag programk\u00edn\u00e1lat, a kitelep\u00fcl\u0151 \u00e1rusok,a sok-sok finoms\u00e1g \u00e9s persze a csod\u00e1s koncertek is garant\u00e1lt\u00e1k, hogy mindenki remek\u00fcl \u00e9rezze mag\u00e1t. Fogadj\u00e1k szeretettel k\u00e9pes besz\u00e1mol\u00f3nkat az esem\u00e9nyr\u0151l. <\/p>\n","protected":false},"author":4,"featured_media":3410,"comment_status":"open","ping_status":"open","sticky":false,"template":"","format":"standard","meta":[],"categories":[1],"tags":[481,490,482,492,491,483,398],"yoast_head":"<!-- This site is optimized with the Yoast SEO plugin v17.5 - https:\/\/yoast.com\/wordpress\/plugins\/seo\/ -->\n<title>Csillaghegy a mi kis falunk - Nagyszer\u0171 hangulat, szuper buli a Csillaghegyi utcab\u00e1lon - \u00d3budai Ny\u00e1r 2022 | obuda.hu<\/title>\n<meta name=\"robots\" content=\"index, follow, max-snippet:-1, max-image-preview:large, max-video-preview:-1\" \/>\n<link rel=\"canonical\" href=\"https:\/\/www.obudainyar.hu\/2022\/mit-nekunk-a-huvos-ido-szombaton-minden-felhot-elzavart-a-jokedv-csillaghegyen\/\" \/>\n<meta property=\"og:locale\" content=\"hu_HU\" \/>\n<meta property=\"og:type\" content=\"article\" \/>\n<meta property=\"og:title\" content=\"Csillaghegy a mi kis falunk - Nagyszer\u0171 hangulat, szuper buli a Csillaghegyi utcab\u00e1lon - \u00d3budai Ny\u00e1r 2022 | obuda.hu\" \/>\n<meta property=\"og:description\" content=\"A kiss\u00e9 h\u0171v\u00f6s id\u0151j\u00e1r\u00e1s szerencs\u00e9re nem t\u00e1ntor\u00edtotta el a Csillaghegyieket \u00e9s a Csillaghegyi utcab\u00e1lra \u00e9rkez\u0151 vend\u00e9geiket. Az eg\u00e9sz napos gazdag programk\u00edn\u00e1lat, a kitelep\u00fcl\u0151 \u00e1rusok,a sok-sok finoms\u00e1g \u00e9s persze a csod\u00e1s koncertek is garant\u00e1lt\u00e1k, hogy mindenki remek\u00fcl \u00e9rezze mag\u00e1t. Fogadj\u00e1k szeretettel k\u00e9pes besz\u00e1mol\u00f3nkat az esem\u00e9nyr\u0151l.\" \/>\n<meta property=\"og:url\" content=\"https:\/\/www.obudainyar.hu\/2022\/mit-nekunk-a-huvos-ido-szombaton-minden-felhot-elzavart-a-jokedv-csillaghegyen\/\" \/>\n<meta property=\"og:site_name\" content=\"\u00d3budai Ny\u00e1r 2022 | obuda.hu\" \/>\n<meta property=\"article:published_time\" content=\"2022-09-19T09:32:01+00:00\" \/>\n<meta property=\"article:modified_time\" content=\"2022-09-19T16:52:53+00:00\" \/>\n<meta property=\"og:image\" content=\"https:\/\/www.obudainyar.hu\/2022\/wp-content\/uploads\/2022\/09\/IMG_0472-scaled.jpg\" \/>\n\t<meta property=\"og:image:width\" content=\"2560\" \/>\n\t<meta property=\"og:image:height\" content=\"1707\" \/>\n<meta name=\"twitter:card\" content=\"summary_large_image\" \/>\n<meta name=\"twitter:label1\" content=\"Szerz\u0151:\" \/>\n\t<meta name=\"twitter:data1\" content=\"kontrohrandrea\" \/>\n\t<meta name=\"twitter:label2\" content=\"Becs\u00fclt olvas\u00e1si id\u0151\" \/>\n\t<meta name=\"twitter:data2\" content=\"1 perc\" \/>\n<script type=\"application\/ld+json\" class=\"yoast-schema-graph\">{\"@context\":\"https:\/\/schema.org\",\"@graph\":[{\"@type\":\"WebSite\",\"@id\":\"https:\/\/www.obudainyar.hu\/2022\/#website\",\"url\":\"https:\/\/www.obudainyar.hu\/2022\/\",\"name\":\"\\u00d3budai Ny\\u00e1r 2022 | obuda.hu\",\"description\":\"\",\"potentialAction\":[{\"@type\":\"SearchAction\",\"target\":{\"@type\":\"EntryPoint\",\"urlTemplate\":\"https:\/\/www.obudainyar.hu\/2022\/?s={search_term_string}\"},\"query-input\":\"required name=search_term_string\"}],\"inLanguage\":\"hu\"},{\"@type\":\"ImageObject\",\"@id\":\"https:\/\/www.obudainyar.hu\/2022\/mit-nekunk-a-huvos-ido-szombaton-minden-felhot-elzavart-a-jokedv-csillaghegyen\/#primaryimage\",\"inLanguage\":\"hu\",\"url\":\"https:\/\/www.obudainyar.hu\/2022\/wp-content\/uploads\/2022\/09\/IMG_0472-scaled.jpg\",\"contentUrl\":\"https:\/\/www.obudainyar.hu\/2022\/wp-content\/uploads\/2022\/09\/IMG_0472-scaled.jpg\",\"width\":2560,\"height\":1707},{\"@type\":\"WebPage\",\"@id\":\"https:\/\/www.obudainyar.hu\/2022\/mit-nekunk-a-huvos-ido-szombaton-minden-felhot-elzavart-a-jokedv-csillaghegyen\/#webpage\",\"url\":\"https:\/\/www.obudainyar.hu\/2022\/mit-nekunk-a-huvos-ido-szombaton-minden-felhot-elzavart-a-jokedv-csillaghegyen\/\",\"name\":\"Csillaghegy a mi kis falunk - Nagyszer\\u0171 hangulat, szuper buli a Csillaghegyi utcab\\u00e1lon - \\u00d3budai Ny\\u00e1r 2022 | obuda.hu\",\"isPartOf\":{\"@id\":\"https:\/\/www.obudainyar.hu\/2022\/#website\"},\"primaryImageOfPage\":{\"@id\":\"https:\/\/www.obudainyar.hu\/2022\/mit-nekunk-a-huvos-ido-szombaton-minden-felhot-elzavart-a-jokedv-csillaghegyen\/#primaryimage\"},\"datePublished\":\"2022-09-19T09:32:01+00:00\",\"dateModified\":\"2022-09-19T16:52:53+00:00\",\"author\":{\"@id\":\"https:\/\/www.obudainyar.hu\/2022\/#\/schema\/person\/326f839b262a757711803054eb7f82ed\"},\"breadcrumb\":{\"@id\":\"https:\/\/www.obudainyar.hu\/2022\/mit-nekunk-a-huvos-ido-szombaton-minden-felhot-elzavart-a-jokedv-csillaghegyen\/#breadcrumb\"},\"inLanguage\":\"hu\",\"potentialAction\":[{\"@type\":\"ReadAction\",\"target\":[\"https:\/\/www.obudainyar.hu\/2022\/mit-nekunk-a-huvos-ido-szombaton-minden-felhot-elzavart-a-jokedv-csillaghegyen\/\"]}]},{\"@type\":\"BreadcrumbList\",\"@id\":\"https:\/\/www.obudainyar.hu\/2022\/mit-nekunk-a-huvos-ido-szombaton-minden-felhot-elzavart-a-jokedv-csillaghegyen\/#breadcrumb\",\"itemListElement\":[{\"@type\":\"ListItem\",\"position\":1,\"name\":\"Kezd\\u0151lap\",\"item\":\"https:\/\/www.obudainyar.hu\/2022\/\"},{\"@type\":\"ListItem\",\"position\":2,\"name\":\"Csillaghegy a mi kis falunk &#8211; Nagyszer\\u0171 hangulat, szuper buli a Csillaghegyi utcab\\u00e1lon\"}]},{\"@type\":\"Person\",\"@id\":\"https:\/\/www.obudainyar.hu\/2022\/#\/schema\/person\/326f839b262a757711803054eb7f82ed\",\"name\":\"kontrohrandrea\",\"image\":{\"@type\":\"ImageObject\",\"@id\":\"https:\/\/www.obudainyar.hu\/2022\/#personlogo\",\"inLanguage\":\"hu\",\"url\":\"https:\/\/secure.gravatar.com\/avatar\/5180e03a1bd56251a0e983cd1f8e454b?s=96&d=mm&r=g\",\"contentUrl\":\"https:\/\/secure.gravatar.com\/avatar\/5180e03a1bd56251a0e983cd1f8e454b?s=96&d=mm&r=g\",\"caption\":\"kontrohrandrea\"},\"url\":\"https:\/\/www.obudainyar.hu\/2022\/author\/kontrohrandrea\/\"}]}<\/script>\n<!-- \/ Yoast SEO plugin. -->","yoast_head_json":{"title":"Csillaghegy a mi kis falunk - Nagyszer\u0171 hangulat, szuper buli a Csillaghegyi utcab\u00e1lon - \u00d3budai Ny\u00e1r 2022 | obuda.hu","robots":{"index":"index","follow":"follow","max-snippet":"max-snippet:-1","max-image-preview":"max-image-preview:large","max-video-preview":"max-video-preview:-1"},"canonical":"https:\/\/www.obudainyar.hu\/2022\/mit-nekunk-a-huvos-ido-szombaton-minden-felhot-elzavart-a-jokedv-csillaghegyen\/","og_locale":"hu_HU","og_type":"article","og_title":"Csillaghegy a mi kis falunk - Nagyszer\u0171 hangulat, szuper buli a Csillaghegyi utcab\u00e1lon - \u00d3budai Ny\u00e1r 2022 | obuda.hu","og_description":"A kiss\u00e9 h\u0171v\u00f6s id\u0151j\u00e1r\u00e1s szerencs\u00e9re nem t\u00e1ntor\u00edtotta el a Csillaghegyieket \u00e9s a Csillaghegyi utcab\u00e1lra \u00e9rkez\u0151 vend\u00e9geiket. Az eg\u00e9sz napos gazdag programk\u00edn\u00e1lat, a kitelep\u00fcl\u0151 \u00e1rusok,a sok-sok finoms\u00e1g \u00e9s persze a csod\u00e1s koncertek is garant\u00e1lt\u00e1k, hogy mindenki remek\u00fcl \u00e9rezze mag\u00e1t. Fogadj\u00e1k szeretettel k\u00e9pes besz\u00e1mol\u00f3nkat az esem\u00e9nyr\u0151l.","og_url":"https:\/\/www.obudainyar.hu\/2022\/mit-nekunk-a-huvos-ido-szombaton-minden-felhot-elzavart-a-jokedv-csillaghegyen\/","og_site_name":"\u00d3budai Ny\u00e1r 2022 | obuda.hu","article_published_time":"2022-09-19T09:32:01+00:00","article_modified_time":"2022-09-19T16:52:53+00:00","og_image":[{"width":2560,"height":1707,"url":"https:\/\/www.obudainyar.hu\/2022\/wp-content\/uploads\/2022\/09\/IMG_0472-scaled.jpg","type":"image\/jpeg"}],"twitter_card":"summary_large_image","twitter_misc":{"Szerz\u0151:":"kontrohrandrea","Becs\u00fclt olvas\u00e1si id\u0151":"1 perc"},"schema":{"@context":"https:\/\/schema.org","@graph":[{"@type":"WebSite","@id":"https:\/\/www.obudainyar.hu\/2022\/#website","url":"https:\/\/www.obudainyar.hu\/2022\/","name":"\u00d3budai Ny\u00e1r 2022 | obuda.hu","description":"","potentialAction":[{"@type":"SearchAction","target":{"@type":"EntryPoint","urlTemplate":"https:\/\/www.obudainyar.hu\/2022\/?s={search_term_string}"},"query-input":"required name=search_term_string"}],"inLanguage":"hu"},{"@type":"ImageObject","@id":"https:\/\/www.obudainyar.hu\/2022\/mit-nekunk-a-huvos-ido-szombaton-minden-felhot-elzavart-a-jokedv-csillaghegyen\/#primaryimage","inLanguage":"hu","url":"https:\/\/www.obudainyar.hu\/2022\/wp-content\/uploads\/2022\/09\/IMG_0472-scaled.jpg","contentUrl":"https:\/\/www.obudainyar.hu\/2022\/wp-content\/uploads\/2022\/09\/IMG_0472-scaled.jpg","width":2560,"height":1707},{"@type":"WebPage","@id":"https:\/\/www.obudainyar.hu\/2022\/mit-nekunk-a-huvos-ido-szombaton-minden-felhot-elzavart-a-jokedv-csillaghegyen\/#webpage","url":"https:\/\/www.obudainyar.hu\/2022\/mit-nekunk-a-huvos-ido-szombaton-minden-felhot-elzavart-a-jokedv-csillaghegyen\/","name":"Csillaghegy a mi kis falunk - Nagyszer\u0171 hangulat, szuper buli a Csillaghegyi utcab\u00e1lon - \u00d3budai Ny\u00e1r 2022 | obuda.hu","isPartOf":{"@id":"https:\/\/www.obudainyar.hu\/2022\/#website"},"primaryImageOfPage":{"@id":"https:\/\/www.obudainyar.hu\/2022\/mit-nekunk-a-huvos-ido-szombaton-minden-felhot-elzavart-a-jokedv-csillaghegyen\/#primaryimage"},"datePublished":"2022-09-19T09:32:01+00:00","dateModified":"2022-09-19T16:52:53+00:00","author":{"@id":"https:\/\/www.obudainyar.hu\/2022\/#\/schema\/person\/326f839b262a757711803054eb7f82ed"},"breadcrumb":{"@id":"https:\/\/www.obudainyar.hu\/2022\/mit-nekunk-a-huvos-ido-szombaton-minden-felhot-elzavart-a-jokedv-csillaghegyen\/#breadcrumb"},"inLanguage":"hu","potentialAction":[{"@type":"ReadAction","target":["https:\/\/www.obudainyar.hu\/2022\/mit-nekunk-a-huvos-ido-szombaton-minden-felhot-elzavart-a-jokedv-csillaghegyen\/"]}]},{"@type":"BreadcrumbList","@id":"https:\/\/www.obudainyar.hu\/2022\/mit-nekunk-a-huvos-ido-szombaton-minden-felhot-elzavart-a-jokedv-csillaghegyen\/#breadcrumb","itemListElement":[{"@type":"ListItem","position":1,"name":"Kezd\u0151lap","item":"https:\/\/www.obudainyar.hu\/2022\/"},{"@type":"ListItem","position":2,"name":"Csillaghegy a mi kis falunk &#8211; Nagyszer\u0171 hangulat, szuper buli a Csillaghegyi utcab\u00e1lon"}]},{"@type":"Person","@id":"https:\/\/www.obudainyar.hu\/2022\/#\/schema\/person\/326f839b262a757711803054eb7f82ed","name":"kontrohrandrea","image":{"@type":"ImageObject","@id":"https:\/\/www.obudainyar.hu\/2022\/#personlogo","inLanguage":"hu","url":"https:\/\/secure.gravatar.com\/avatar\/5180e03a1bd56251a0e983cd1f8e454b?s=96&d=mm&r=g","contentUrl":"https:\/\/secure.gravatar.com\/avatar\/5180e03a1bd56251a0e983cd1f8e454b?s=96&d=mm&r=g","caption":"kontrohrandrea"},"url":"https:\/\/www.obudainyar.hu\/2022\/author\/kontrohrandrea\/"}]}},"_links":{"self":[{"href":"https:\/\/www.obudainyar.hu\/2022\/wp-json\/wp\/v2\/posts\/3382"}],"collection":[{"href":"https:\/\/www.obudainyar.hu\/2022\/wp-json\/wp\/v2\/posts"}],"about":[{"href":"https:\/\/www.obudainyar.hu\/2022\/wp-json\/wp\/v2\/types\/post"}],"author":[{"embeddable":true,"href":"https:\/\/www.obudainyar.hu\/2022\/wp-json\/wp\/v2\/users\/4"}],"replies":[{"embeddable":true,"href":"https:\/\/www.obudainyar.hu\/2022\/wp-json\/wp\/v2\/comments?post=3382"}],"version-history":[{"count":14,"href":"https:\/\/www.obudainyar.hu\/2022\/wp-json\/wp\/v2\/posts\/3382\/revisions"}],"predecessor-version":[{"id":3444,"href":"https:\/\/www.obudainyar.hu\/2022\/wp-json\/wp\/v2\/posts\/3382\/revisions\/3444"}],"wp:featuredmedia":[{"embeddable":true,"href":"https:\/\/www.obudainyar.hu\/2022\/wp-json\/wp\/v2\/media\/3410"}],"wp:attachment":[{"href":"https:\/\/www.obudainyar.hu\/2022\/wp-json\/wp\/v2\/media?parent=3382"}],"wp:term":[{"taxonomy":"category","embeddable":true,"href":"https:\/\/www.obudainyar.hu\/2022\/wp-json\/wp\/v2\/categories?post=3382"},{"taxonomy":"post_tag","embeddable":true,"href":"https:\/\/www.obudainyar.hu\/2022\/wp-json\/wp\/v2\/tags?post=3382"}],"curies":[{"name":"wp","href":"https:\/\/api.w.org\/{rel}","templated":true}]}}